{"id":12594,"date":"2018-11-27T18:17:07","date_gmt":"2018-11-27T20:17:07","guid":{"rendered":"http:\/\/wphomologa.cijun.sp.gov.br\/STIMPREN\/?p=12594"},"modified":"2018-11-27T18:17:07","modified_gmt":"2018-11-27T20:17:07","slug":"nucleo-do-idoso-de-cajamar-comemora-aniversarios-do-mes","status":"publish","type":"post","link":"https:\/\/cajamar.sp.gov.br\/noticias\/2018\/11\/27\/nucleo-do-idoso-de-cajamar-comemora-aniversarios-do-mes\/","title":{"rendered":"N\u00facleo do Idoso de Cajamar comemora anivers\u00e1rios do m\u00eas"},"content":{"rendered":"<!-- id:5383 -->\n\n<div class=\"wp-block-image\">\n<figure class=\"aligncenter\">\n<img decoding=\"async\" src=\"https:\/\/cajamar.sp.gov.br\/wp-content\/uploads\/arquivo\/img5383a.jpg\" \/>\n<figcaption>Eurico Miss\u00e9, Mariana Garrido e  a vereadora Izelda durante a reuni\u00e3o do NIC<\/figcaption>\n<\/figure>\n<\/div>\n\n\nEm clima de amizade e muita alegria, a reuni\u00e3o do N\u00facleo do Idoso de Cajamar (NIC) desta ter\u00e7a-feira (27) foi especial para comemorar os anivers\u00e1rios do m\u00eas de novembro. O prefeito em exerc\u00edcio acompanhado da presidente do Fundo Social de Solidariedade e da vereadora Izelda, foram recebidos com carinho pelos participantes e pela equipe.<br><br>O prefeito aproveitou para anunciar algumas a\u00e7\u00f5es j\u00e1 tomadas em sua gest\u00e3o para melhorar a qualidade dos servi\u00e7os da Prefeitura. \u201cMinha obriga\u00e7\u00e3o \u00e9 fazer o melhor neste momento t\u00e3o dif\u00edcil na nossa cidade. Nos pr\u00f3ximos dias estaremos dando uma solu\u00e7\u00e3o para o PSF e vamos devolver as unidades de sa\u00fade que est\u00e3o fechadas, al\u00e9m de trazer de volta o transporte universit\u00e1rio. Assinei um decreto, reduzindo a quantidade de diretorias e vamos economizar R$ 1,3 milh\u00e3o ao ano. Vamos fazer as coisas acontecerem para resolver os problemas de Cajamar\u201d, afirmou.<br><br>A presidente do Fundo Social afirmou: \u201cSou nascida e criada em Cajamar e tenho muito orgulho, sou neta do primeiro prefeito da cidade, sou dentista, trabalho na Sa\u00fade e j\u00e1 estive aqui fazendo a preven\u00e7\u00e3o bucal. Agora terei a oportunidade de acompanhar voc\u00eas e somar\u201d.<br><br><br><br><br><br>\n\n<!-- galeria:5383 -->","protected":false},"excerpt":{"rendered":"<p>Prefeito e presidente do Fundo Social de Solidariedade participaram da reuni\u00e3o do NIC na tarde desta ter\u00e7a-feira<\/p>\n","protected":false},"author":5,"featured_media":0,"comment_status":"open","ping_status":"open","sticky":false,"template":"","format":"standard","meta":{"footnotes":""},"categories":[16],"tags":[],"posicao":[],"class_list":["post-12594","post","type-post","status-publish","format-standard","hentry","category-fundo-social-cajamar"],"_links":{"self":[{"href":"https:\/\/cajamar.sp.gov.br\/noticias\/wp-json\/wp\/v2\/posts\/12594","targetHints":{"allow":["GET"]}}],"collection":[{"href":"https:\/\/cajamar.sp.gov.br\/noticias\/wp-json\/wp\/v2\/posts"}],"about":[{"href":"https:\/\/cajamar.sp.gov.br\/noticias\/wp-json\/wp\/v2\/types\/post"}],"author":[{"embeddable":true,"href":"https:\/\/cajamar.sp.gov.br\/noticias\/wp-json\/wp\/v2\/users\/5"}],"replies":[{"embeddable":true,"href":"https:\/\/cajamar.sp.gov.br\/noticias\/wp-json\/wp\/v2\/comments?post=12594"}],"version-history":[{"count":0,"href":"https:\/\/cajamar.sp.gov.br\/noticias\/wp-json\/wp\/v2\/posts\/12594\/revisions"}],"wp:attachment":[{"href":"https:\/\/cajamar.sp.gov.br\/noticias\/wp-json\/wp\/v2\/media?parent=12594"}],"wp:term":[{"taxonomy":"category","embeddable":true,"href":"https:\/\/cajamar.sp.gov.br\/noticias\/wp-json\/wp\/v2\/categories?post=12594"},{"taxonomy":"post_tag","embeddable":true,"href":"https:\/\/cajamar.sp.gov.br\/noticias\/wp-json\/wp\/v2\/tags?post=12594"},{"taxonomy":"posicao","embeddable":true,"href":"https:\/\/cajamar.sp.gov.br\/noticias\/wp-json\/wp\/v2\/posicao?post=12594"}],"curies":[{"name":"wp","href":"https:\/\/api.w.org\/{rel}","templated":true}]}}