{"id":12604,"date":"2018-12-03T11:40:23","date_gmt":"2018-12-03T13:40:23","guid":{"rendered":"http:\/\/wphomologa.cijun.sp.gov.br\/STIMPREN\/?p=12604"},"modified":"2018-12-03T11:40:23","modified_gmt":"2018-12-03T13:40:23","slug":"proerd-forma-mais-513-alunos-nas-escolas-do-polvilho","status":"publish","type":"post","link":"https:\/\/cajamar.sp.gov.br\/noticias\/2018\/12\/03\/proerd-forma-mais-513-alunos-nas-escolas-do-polvilho\/","title":{"rendered":"Proerd forma mais 513 alunos nas escolas do Polvilho"},"content":{"rendered":"<!-- id:5393 -->\n\n<div class=\"wp-block-image\">\n<figure class=\"aligncenter\">\n<img decoding=\"async\" src=\"https:\/\/cajamar.sp.gov.br\/wp-content\/uploads\/arquivo\/img5393a.jpg\" \/>\n<figcaption>Cabo Georgenes, instrutor do Proerd, na formatura dos alunos da EMEB Eva Rosa, no Para\u00edso<\/figcaption>\n<\/figure>\n<\/div>\n\n\nA Prefeitura de Cajamar, por meio da Diretoria de Educa\u00e7\u00e3o e da 3\u00aa Companhia da Pol\u00edcia Militar, realizaram as formaturas do Proerd (Programa Educacional de Resist\u00eancia \u00e0s Drogas e \u00e0 Viol\u00eancia) em escolas municipais do Polvilho. <br><br>No segundo semestre, participaram 513 alunos das salas do 5\u00ba ano. O Proerd atendeu cerca de 1.200 crian\u00e7as da rede municipal de ensino em 2018, com o objetivo de alert\u00e1-las sobre o perigo das drogas e orient\u00e1-las para evitar situa\u00e7\u00f5es de viol\u00eancia.<br><br>Os alunos participaram de aulas ministradas uma vez por semana pelo instrutor PM cabo Georgenes. Durante a formatura, o policial agradeceu o apoio da Prefeitura, dos pais, professores e diretores das escolas.<br><br>A formatura da EMEB Eva Rosa de Oliveira Santos, no Bairro Para\u00edso, na quinta-feira (29), contou com as presen\u00e7as da presidente do Fundo Social de Solidariedade, Mariana Garrido, da vereadora Izelda, e da diretora de Educa\u00e7\u00e3o, professora Renata Fernandes Gomes Olaia.<br><br>\u201cO Proerd \u00e9 um programa essencial para a valoriza\u00e7\u00e3o \u00e0 vida, orientando as crian\u00e7as a import\u00e2ncia de ficarem longe das drogas e da viol\u00eancia, cultivando o amor, a amizade e a responsabilidade de todos no educar&#8221;, afirmou Renata. <br><br>Mariana agradeceu o apoio dos pais e muitos se emocionaram com a dedica\u00e7\u00e3o dos filhos, que apresentaram trabalhos sobre o que aprenderam no Proerd. \u201cEsta \u00e9 uma iniciativa importante que a Pol\u00edcia Militar realiza em prol da seguran\u00e7a e bem-estar das crian\u00e7as de Cajamar. N\u00f3s agradecemos e desejamos que esta parceria continue para que mais alunos possam participar\u201d, disse Mariana. <br><br><b>Programa<\/b><br><br>O Proerd \u00e9 um programa educacional preventivo, direcionado \u00e0s crian\u00e7as de 9 a 12 anos. Ao longo de 10 semanas, PM-Instrutores fardados ensinam alunos do 5\u00ba ano do Ensino Fundamental a desenvolverem habilidades e a motiva\u00e7\u00e3o necess\u00e1ria para ficarem longe das drogas l\u00edcitas (\u00e1lcool e tabaco) e il\u00edcitas.<br><br><br><br><b>Escolas atendidas no 2 \u00ba semestre<\/b><br><br><br>EMEB \u201cProf. Ronaldo Peres Geraldi\u201d (Jardim S\u00e3o Luiz) <br>EMEB \u201cRep\u00fablica do Panam\u00e1\u201d<br>EMEB \u201cRosa Helena Mota Marcondes\u201d<br>EMEB \u201cMaria de Lourdes Mattar\u201d<br>EMEB \u201cOdir Garcia de Oliveira Ara\u00fajo\u201d<br>EMEB \u201cEva Rosa de Oliveira Santos\u201d<br><br>\n\n<!-- galeria:5393 -->\n\n<ul class=\"wp-block-gallery columns-2 is-cropped wp-block-gallery-1 is-layout-flex wp-block-gallery-is-layout-flex\">\n\n<li class=\"blocks-gallery-item\">\n\n<figure>\n\n<img decoding=\"async\" src=\"https:\/\/cajamar.sp.gov.br\/wp-content\/uploads\/arquivo\/img5393b.jpg\" \/>\n\n<figcaption>Autoridades e educadores durante a formatura<\/figcaption>\n\n<\/figure>\n\n<\/li>\n\n\n\n<\/ul>\n\n\n","protected":false},"excerpt":{"rendered":"<p>Programa \u00e9 realizado em parceria com a Pol\u00edcia Militar para preven\u00e7\u00e3o \u00e0s drogas<\/p>\n","protected":false},"author":5,"featured_media":0,"comment_status":"open","ping_status":"open","sticky":false,"template":"","format":"standard","meta":{"footnotes":""},"categories":[8],"tags":[],"posicao":[],"class_list":["post-12604","post","type-post","status-publish","format-standard","hentry","category-educacao"],"_links":{"self":[{"href":"https:\/\/cajamar.sp.gov.br\/noticias\/wp-json\/wp\/v2\/posts\/12604","targetHints":{"allow":["GET"]}}],"collection":[{"href":"https:\/\/cajamar.sp.gov.br\/noticias\/wp-json\/wp\/v2\/posts"}],"about":[{"href":"https:\/\/cajamar.sp.gov.br\/noticias\/wp-json\/wp\/v2\/types\/post"}],"author":[{"embeddable":true,"href":"https:\/\/cajamar.sp.gov.br\/noticias\/wp-json\/wp\/v2\/users\/5"}],"replies":[{"embeddable":true,"href":"https:\/\/cajamar.sp.gov.br\/noticias\/wp-json\/wp\/v2\/comments?post=12604"}],"version-history":[{"count":0,"href":"https:\/\/cajamar.sp.gov.br\/noticias\/wp-json\/wp\/v2\/posts\/12604\/revisions"}],"wp:attachment":[{"href":"https:\/\/cajamar.sp.gov.br\/noticias\/wp-json\/wp\/v2\/media?parent=12604"}],"wp:term":[{"taxonomy":"category","embeddable":true,"href":"https:\/\/cajamar.sp.gov.br\/noticias\/wp-json\/wp\/v2\/categories?post=12604"},{"taxonomy":"post_tag","embeddable":true,"href":"https:\/\/cajamar.sp.gov.br\/noticias\/wp-json\/wp\/v2\/tags?post=12604"},{"taxonomy":"posicao","embeddable":true,"href":"https:\/\/cajamar.sp.gov.br\/noticias\/wp-json\/wp\/v2\/posicao?post=12604"}],"curies":[{"name":"wp","href":"https:\/\/api.w.org\/{rel}","templated":true}]}}