{"id":12608,"date":"2018-12-04T17:19:00","date_gmt":"2018-12-04T19:19:00","guid":{"rendered":"http:\/\/wphomologa.cijun.sp.gov.br\/STIMPREN\/?p=12608"},"modified":"2018-12-04T17:19:00","modified_gmt":"2018-12-04T19:19:00","slug":"cajamar-recebe-micro-onibus-zero-km-do-governo-federal","status":"publish","type":"post","link":"https:\/\/cajamar.sp.gov.br\/noticias\/2018\/12\/04\/cajamar-recebe-micro-onibus-zero-km-do-governo-federal\/","title":{"rendered":"Cajamar recebe micro-\u00f4nibus zero km do governo federal"},"content":{"rendered":"<!-- id:5397 -->\n\n<div class=\"wp-block-image\">\n<figure class=\"aligncenter\">\n<img decoding=\"async\" src=\"https:\/\/cajamar.sp.gov.br\/wp-content\/uploads\/arquivo\/img5397a.jpg\" \/>\n<figcaption>Micro-\u00f4nibus em breve estar\u00e1 em uso<\/figcaption>\n<\/figure>\n<\/div>\n\n\nCajamar foi uma das cidades do Estado de S\u00e3o Paulo contempladas com micro-\u00f4nibus zero km para transporte de usu\u00e1rios do Sistema \u00danico de Assist\u00eancia Social (SUAS). O ve\u00edculo com 23 lugares \u00e9 adaptado para pessoas com defici\u00eancia, cadeirantes e idosos.<br><br>Nesta segunda-feira (3), o ministro do Desenvolvimento Social, Alberto Beltrame, esteve em S\u00e3o Paulo para a cerim\u00f4nia. A presidente do Fundo Social de Solidariedade, Mariana Garrido, e a diretora municipal de Desenvolvimento Social e de Cidadania, Daia Santos, participaram do evento a convite do governo federal.  <br><br>Durante discurso, o ministro Beltrame destacou o fortalecimento da rede de assist\u00eancia social a partir destas a\u00e7\u00f5es em apoio aos munic\u00edpios. <br><br>Daia afirmou que o micro-\u00f4nibus beneficiar\u00e1 cerca de 200 crian\u00e7as e adolescentes, de 3 a 17 anos, acompanhados pelo Servi\u00e7o de Conviv\u00eancia e Fortalecimento de V\u00ednculos \u2013 Espa\u00e7o Bem Viver. \u201cEste servi\u00e7o da Prote\u00e7\u00e3o B\u00e1sica \u00e9 ofertado de forma complementar ao trabalho social com as fam\u00edlias, realizado por meio do CRAS e CREAS\u201d, disse.<br><br>A presidente do Fundo Social ressaltou que o ve\u00edculo \u00e9 uma conquista e trar\u00e1 mais conforto no atendimento \u00e0 popula\u00e7\u00e3o cajamarense. \u201cO transporte \u00e9 essencial e o ve\u00edculo auxiliar\u00e1 bastante, garantindo mais qualidade aos servi\u00e7os assistenciais do munic\u00edpio\u201d, afirmou Mariana. <br><br>\n\n<!-- galeria:5397 -->\n\n<ul class=\"wp-block-gallery columns-2 is-cropped wp-block-gallery-1 is-layout-flex wp-block-gallery-is-layout-flex\">\n\n<li class=\"blocks-gallery-item\">\n\n<figure>\n\n<img decoding=\"async\" src=\"https:\/\/cajamar.sp.gov.br\/wp-content\/uploads\/arquivo\/img5397b.jpg\" \/>\n\n<figcaption>O Ministro Beltrame durante cerim\u00f4nia em S\u00e3o Paulo, que reuniu autoridades do Estado e dos munic\u00edpios beneficiados<\/figcaption>\n\n<\/figure>\n\n<\/li>\n\n\n\n<\/ul>\n\n\n","protected":false},"excerpt":{"rendered":"<p>Minist\u00e9rio do Desenvolvimento Social realizou cerim\u00f4nia em SP para entrega de ve\u00edculos a 31 munic\u00edpios paulistas<\/p>\n","protected":false},"author":5,"featured_media":0,"comment_status":"open","ping_status":"open","sticky":false,"template":"","format":"standard","meta":{"footnotes":""},"categories":[4],"tags":[],"posicao":[],"class_list":["post-12608","post","type-post","status-publish","format-standard","hentry","category-social"],"_links":{"self":[{"href":"https:\/\/cajamar.sp.gov.br\/noticias\/wp-json\/wp\/v2\/posts\/12608","targetHints":{"allow":["GET"]}}],"collection":[{"href":"https:\/\/cajamar.sp.gov.br\/noticias\/wp-json\/wp\/v2\/posts"}],"about":[{"href":"https:\/\/cajamar.sp.gov.br\/noticias\/wp-json\/wp\/v2\/types\/post"}],"author":[{"embeddable":true,"href":"https:\/\/cajamar.sp.gov.br\/noticias\/wp-json\/wp\/v2\/users\/5"}],"replies":[{"embeddable":true,"href":"https:\/\/cajamar.sp.gov.br\/noticias\/wp-json\/wp\/v2\/comments?post=12608"}],"version-history":[{"count":0,"href":"https:\/\/cajamar.sp.gov.br\/noticias\/wp-json\/wp\/v2\/posts\/12608\/revisions"}],"wp:attachment":[{"href":"https:\/\/cajamar.sp.gov.br\/noticias\/wp-json\/wp\/v2\/media?parent=12608"}],"wp:term":[{"taxonomy":"category","embeddable":true,"href":"https:\/\/cajamar.sp.gov.br\/noticias\/wp-json\/wp\/v2\/categories?post=12608"},{"taxonomy":"post_tag","embeddable":true,"href":"https:\/\/cajamar.sp.gov.br\/noticias\/wp-json\/wp\/v2\/tags?post=12608"},{"taxonomy":"posicao","embeddable":true,"href":"https:\/\/cajamar.sp.gov.br\/noticias\/wp-json\/wp\/v2\/posicao?post=12608"}],"curies":[{"name":"wp","href":"https:\/\/api.w.org\/{rel}","templated":true}]}}