{"id":12616,"date":"2018-12-07T10:53:24","date_gmt":"2018-12-07T12:53:24","guid":{"rendered":"http:\/\/wphomologa.cijun.sp.gov.br\/STIMPREN\/?p=12616"},"modified":"2018-12-07T10:53:24","modified_gmt":"2018-12-07T12:53:24","slug":"desenvolvimento-social-realiza-o-cadastro-do-transporte-universitario","status":"publish","type":"post","link":"https:\/\/cajamar.sp.gov.br\/noticias\/2018\/12\/07\/desenvolvimento-social-realiza-o-cadastro-do-transporte-universitario\/","title":{"rendered":"Desenvolvimento Social realiza o cadastro do Transporte Universit\u00e1rio"},"content":{"rendered":"<!-- id:5405 -->\n\n<div class=\"wp-block-image\">\n<figure class=\"aligncenter\">\n<img decoding=\"async\" src=\"https:\/\/cajamar.sp.gov.br\/wp-content\/uploads\/arquivo\/img5405a.jpg\" \/>\n<figcaption>Equipe da Diretoria de Desenvolvimento Social durante est\u00e1 sexta-feira (7), realizando o cadastro dos estudantes que ser\u00e3o beneficiados com o transporte universit\u00e1rio gratuito em 2019<\/figcaption>\n<\/figure>\n<\/div>\n\n\nA equipe da Diretoria de Desenvolvimento Social est\u00e1 desde a manh\u00e3 desta sexta-feira (7), no Gin\u00e1sio Poliesportivo Lamartine de Paula Lima, em Cajamar-Centro, realizando o cadastro dos estudantes de n\u00edvel t\u00e9cnico, tecn\u00f3logo e universit\u00e1rio que em 2019 poder\u00e3o utilizar gratuitamente o transporte universit\u00e1rio.<br><br>Os jovens que j\u00e1 se informaram pelos telefones 4447 \u2013 2370 \/ 4408 \u2013 7034, e n\u00e3o puderem comparecer ainda hoje, devem comparecer no s\u00e1bado (8), das 8h \u00e0s 17h, para entregar os documentos solicitados, no mesmo local. <br><br>Nathan Henrique de Paiva, falou com alegria sobre o retorno do benef\u00edcio. \u201cSe n\u00e3o tivesse o transporte gratuito, eu n\u00e3o conseguiria voltar a estudar. Eu espero que d\u00ea tudo certo, vai ajudar muito a gente\u201d, afirmou. <br><br>Para ter direito ao transporte universit\u00e1rio gratuito, \u00e9 necess\u00e1rio a comprova\u00e7\u00e3o de morador da cidade h\u00e1 mais de um ano,renda individual mensal bruta de at\u00e9 dois sal\u00e1rios m\u00ednimos; apresentar comprovante de matr\u00edcula da institui\u00e7\u00e3o de ensino para n\u00edvel t\u00e9cnico, tecn\u00f3logo ou universit\u00e1rio.<br><br><b>Local:<\/b><br><br>O Gin\u00e1sio Poliesportivo Lamartine de Paula Lima fica na Avenida Professor Walter Ribas de Andrade, n\u00ba 300, em frente \u00e0 escola Suzana Dias, em Cajamar-Centro.<br>\n\n<!-- galeria:5405 -->","protected":false},"excerpt":{"rendered":"<p>Estudantes precisam comparecer ao Gin\u00e1sio Lamartine, no Centro, com todos os documentos j\u00e1 solicitados<\/p>\n","protected":false},"author":5,"featured_media":0,"comment_status":"open","ping_status":"open","sticky":false,"template":"","format":"standard","meta":{"footnotes":""},"categories":[4],"tags":[],"posicao":[],"class_list":["post-12616","post","type-post","status-publish","format-standard","hentry","category-social"],"_links":{"self":[{"href":"https:\/\/cajamar.sp.gov.br\/noticias\/wp-json\/wp\/v2\/posts\/12616","targetHints":{"allow":["GET"]}}],"collection":[{"href":"https:\/\/cajamar.sp.gov.br\/noticias\/wp-json\/wp\/v2\/posts"}],"about":[{"href":"https:\/\/cajamar.sp.gov.br\/noticias\/wp-json\/wp\/v2\/types\/post"}],"author":[{"embeddable":true,"href":"https:\/\/cajamar.sp.gov.br\/noticias\/wp-json\/wp\/v2\/users\/5"}],"replies":[{"embeddable":true,"href":"https:\/\/cajamar.sp.gov.br\/noticias\/wp-json\/wp\/v2\/comments?post=12616"}],"version-history":[{"count":0,"href":"https:\/\/cajamar.sp.gov.br\/noticias\/wp-json\/wp\/v2\/posts\/12616\/revisions"}],"wp:attachment":[{"href":"https:\/\/cajamar.sp.gov.br\/noticias\/wp-json\/wp\/v2\/media?parent=12616"}],"wp:term":[{"taxonomy":"category","embeddable":true,"href":"https:\/\/cajamar.sp.gov.br\/noticias\/wp-json\/wp\/v2\/categories?post=12616"},{"taxonomy":"post_tag","embeddable":true,"href":"https:\/\/cajamar.sp.gov.br\/noticias\/wp-json\/wp\/v2\/tags?post=12616"},{"taxonomy":"posicao","embeddable":true,"href":"https:\/\/cajamar.sp.gov.br\/noticias\/wp-json\/wp\/v2\/posicao?post=12616"}],"curies":[{"name":"wp","href":"https:\/\/api.w.org\/{rel}","templated":true}]}}