{"id":12675,"date":"2019-01-23T21:52:21","date_gmt":"2019-01-23T23:52:21","guid":{"rendered":"http:\/\/wphomologa.cijun.sp.gov.br\/STIMPREN\/?p=12675"},"modified":"2019-01-23T21:52:21","modified_gmt":"2019-01-23T23:52:21","slug":"sistema-sesi-sera-implantado-na-rede-de-ensino-de-cajamar","status":"publish","type":"post","link":"https:\/\/cajamar.sp.gov.br\/noticias\/2019\/01\/23\/sistema-sesi-sera-implantado-na-rede-de-ensino-de-cajamar\/","title":{"rendered":"Sistema SESI ser\u00e1 implantado na rede de ensino de Cajamar"},"content":{"rendered":"<!-- id:5466 -->\n\n<div class=\"wp-block-image\">\n<figure class=\"aligncenter\">\n<img decoding=\"async\" src=\"https:\/\/cajamar.sp.gov.br\/wp-content\/uploads\/arquivo\/img5466a.jpg\" \/>\n\n<\/figure>\n<\/div>\n\n\nEm reuni\u00e3o realizada na manh\u00e3 da \u00faltima ter\u00e7a-feira (22), a Prefeitura de Cajamar oficializou o conv\u00eanio com o SESI (Servi\u00e7o Social da Ind\u00fastria),para a implanta\u00e7\u00e3o da proposta educacional da entidade, para a Rede Municipal de Ensino de Cajamar, beneficiando cerca de 10.714 alunos, de acordo com o or\u00e7amento n\u00b0 008\/2019. <br><br>Participaram da reuni\u00e3o o Diretor do Centro de Atividades do SESI-SP, Sr. Thiago Fadeli e a Secret\u00e1ria de Educa\u00e7\u00e3o do Munic\u00edpio, Andr\u00e9ia Dalcin. <br><br>O conv\u00eanio consiste em um conjunto de estrat\u00e9gias educacionais organizadas que visa colaborar na melhoria da qualidade do processo de ensino e aprendizagem, por meio de forma\u00e7\u00e3o continuada dos t\u00e9cnicos da Secret\u00e1ria Municipal de Educa\u00e7\u00e3o, gestores e professores das unidades escolares, com material did\u00e1tico pr\u00f3prio da rede escolar SESI. <br><br>Alunos tamb\u00e9m receber\u00e3o apostilas da institui\u00e7\u00e3o,proporcionando uma melhora na qualidade da educa\u00e7\u00e3o no munic\u00edpio. <br><br>\u201cAo todo ser\u00e3o 21 escolas do Ensino Fundamental do 1\u00b0 ao 9\u00b0 ano, que receber\u00e3o material did\u00e1tico do SESI, al\u00e9m disso, tamb\u00e9m vamos realizar a capacita\u00e7\u00e3o de professores e gestores, e todo acompanhamento para os profissionais da rede de ensino\u201d \u2013 informou a Secret\u00e1ria de Educa\u00e7\u00e3o, Andreia Dalcin. <br><br>\u201cVamos atender todo o ensino fundamental, elevando nosso \u00edndice de aprendizagem. O material do SESI vem para nos auxiliar no avan\u00e7o das aprendizagens destes alunos, al\u00e9m de todo o processo formativo de gest\u00e3o, com acompanhamento e forma\u00e7\u00e3o de professores, a\u00e7\u00e3o que faz toda a diferen\u00e7a\u201d \u2013 Informou o Prefeito Interino, Saulo Anderson. <br><br>A previs\u00e3o de entrega das apostilas est\u00e1 prevista para a primeira quinzena de fevereiro. <br>\n\n<!-- galeria:5466 -->\n\n<ul class=\"wp-block-gallery columns-2 is-cropped wp-block-gallery-1 is-layout-flex wp-block-gallery-is-layout-flex\">\n\n<li class=\"blocks-gallery-item\">\n\n<figure>\n\n<img decoding=\"async\" src=\"https:\/\/cajamar.sp.gov.br\/wp-content\/uploads\/arquivo\/img5466b.jpg\" \/>\n\n<figcaption><\/figcaption>\n\n<\/figure>\n\n<\/li>\n\n\n\n<\/ul>\n\n\n","protected":false},"excerpt":{"rendered":"<p>Conv\u00eanio foi assinado na \u00faltima quinta-feira (10)<\/p>\n","protected":false},"author":5,"featured_media":0,"comment_status":"open","ping_status":"open","sticky":false,"template":"","format":"standard","meta":{"footnotes":""},"categories":[25],"tags":[],"posicao":[],"class_list":["post-12675","post","type-post","status-publish","format-standard","hentry","category-governo"],"_links":{"self":[{"href":"https:\/\/cajamar.sp.gov.br\/noticias\/wp-json\/wp\/v2\/posts\/12675","targetHints":{"allow":["GET"]}}],"collection":[{"href":"https:\/\/cajamar.sp.gov.br\/noticias\/wp-json\/wp\/v2\/posts"}],"about":[{"href":"https:\/\/cajamar.sp.gov.br\/noticias\/wp-json\/wp\/v2\/types\/post"}],"author":[{"embeddable":true,"href":"https:\/\/cajamar.sp.gov.br\/noticias\/wp-json\/wp\/v2\/users\/5"}],"replies":[{"embeddable":true,"href":"https:\/\/cajamar.sp.gov.br\/noticias\/wp-json\/wp\/v2\/comments?post=12675"}],"version-history":[{"count":0,"href":"https:\/\/cajamar.sp.gov.br\/noticias\/wp-json\/wp\/v2\/posts\/12675\/revisions"}],"wp:attachment":[{"href":"https:\/\/cajamar.sp.gov.br\/noticias\/wp-json\/wp\/v2\/media?parent=12675"}],"wp:term":[{"taxonomy":"category","embeddable":true,"href":"https:\/\/cajamar.sp.gov.br\/noticias\/wp-json\/wp\/v2\/categories?post=12675"},{"taxonomy":"post_tag","embeddable":true,"href":"https:\/\/cajamar.sp.gov.br\/noticias\/wp-json\/wp\/v2\/tags?post=12675"},{"taxonomy":"posicao","embeddable":true,"href":"https:\/\/cajamar.sp.gov.br\/noticias\/wp-json\/wp\/v2\/posicao?post=12675"}],"curies":[{"name":"wp","href":"https:\/\/api.w.org\/{rel}","templated":true}]}}