{"id":12692,"date":"2019-02-04T15:05:44","date_gmt":"2019-02-04T17:05:44","guid":{"rendered":"http:\/\/wphomologa.cijun.sp.gov.br\/STIMPREN\/?p=12692"},"modified":"2019-02-04T15:05:44","modified_gmt":"2019-02-04T17:05:44","slug":"cajamar-marca-presenca-em-cerimonia-de-posse-da-presidente-do-cimbaju","status":"publish","type":"post","link":"https:\/\/cajamar.sp.gov.br\/noticias\/2019\/02\/04\/cajamar-marca-presenca-em-cerimonia-de-posse-da-presidente-do-cimbaju\/","title":{"rendered":"Cajamar marca presen\u00e7a em cerimonia de posse da presidente do CIMBAJU"},"content":{"rendered":"<!-- id:5483 -->\n\n<div class=\"wp-block-image\">\n<figure class=\"aligncenter\">\n<img decoding=\"async\" src=\"https:\/\/cajamar.sp.gov.br\/wp-content\/uploads\/arquivo\/img5483a.jpg\" \/>\n\n<\/figure>\n<\/div>\n\n\nFoi realizado na \u00faltima quinta-feira (31), a Assembleia Geral de Prefeitos que deu posse \u00e0 nova presid\u00eancia do Cons\u00f3rcio Intermunicipal dos Munic\u00edpios da Bacia do Jurueri, Sra. Renata Torres de Sene, Prefeita de Francisco Morato e vice presidente, Sr. Ant\u00f4nio Shigueyuki Aiacyda, Prefeito de Mairipor\u00e3.<br> <br>Tamb\u00e9m participaram da cerim\u00f3nia de posse o Prefeito de Franco da Rocha, Sr. Kiko Celeguim; Prefeito de Caieiras, Sr. Gersinho Romero e Sr. Rog\u00e9rio Splendore, Diretor de Planejamento Urbano, representando a cidade de Cajamar. <br><br>\u201cO cons\u00f3rcio \u00e9 importante para que tenhamos a for\u00e7a da uni\u00e3o em nossos pedidos regionais com o objetivo de melhorar a qualidade dos quase 500 mil habitantes das cinco cidades da regi\u00e3o norte (Caieiras, Cajamar, Francisco Morato, Franco da Rocha e Mairipor\u00e3)\u201d \u2013 informou Renata Sene.<br><br>\u201cA participa\u00e7\u00e3o de Cajamar no CIMBAJU reafirma o compromisso para o avan\u00e7o dos munic\u00edpios da regi\u00e3o, proporcionando for\u00e7a regional, em busca de melhorias para para nossas cidades\u201d \u2013 disse Rog\u00e9rio Splendore, Diretor de Planejamento Urbano de Cajamar. <br><br>Sobre<br><br>O CIMBAJU tem como objetivo integrar as cinco cidades da regi\u00e3o norte da Grande S\u00e3o Paulo, discutindo a\u00e7\u00f5es para o desenvolvimento de todos os munic\u00edpios, al\u00e9m da melhoria na uni\u00e3o dos munic\u00edpios para fortalecer a representatividade da regi\u00e3o com os governos Estadual e Federal.<br>\n\n<!-- galeria:5483 -->\n\n<ul class=\"wp-block-gallery columns-2 is-cropped wp-block-gallery-1 is-layout-flex wp-block-gallery-is-layout-flex\">\n\n<li class=\"blocks-gallery-item\">\n\n<figure>\n\n<img decoding=\"async\" src=\"https:\/\/cajamar.sp.gov.br\/wp-content\/uploads\/arquivo\/img5483b.jpg\" \/>\n\n<figcaption><\/figcaption>\n\n<\/figure>\n\n<\/li>\n\n\n\n<\/ul>\n\n\n","protected":false},"excerpt":{"rendered":"<p>O cons\u00f3rcio integra os cinco munic\u00edpios da regi\u00e3o norte da RMSP<\/p>\n","protected":false},"author":5,"featured_media":0,"comment_status":"open","ping_status":"open","sticky":false,"template":"","format":"standard","meta":{"footnotes":""},"categories":[25],"tags":[],"posicao":[],"class_list":["post-12692","post","type-post","status-publish","format-standard","hentry","category-governo"],"_links":{"self":[{"href":"https:\/\/cajamar.sp.gov.br\/noticias\/wp-json\/wp\/v2\/posts\/12692","targetHints":{"allow":["GET"]}}],"collection":[{"href":"https:\/\/cajamar.sp.gov.br\/noticias\/wp-json\/wp\/v2\/posts"}],"about":[{"href":"https:\/\/cajamar.sp.gov.br\/noticias\/wp-json\/wp\/v2\/types\/post"}],"author":[{"embeddable":true,"href":"https:\/\/cajamar.sp.gov.br\/noticias\/wp-json\/wp\/v2\/users\/5"}],"replies":[{"embeddable":true,"href":"https:\/\/cajamar.sp.gov.br\/noticias\/wp-json\/wp\/v2\/comments?post=12692"}],"version-history":[{"count":0,"href":"https:\/\/cajamar.sp.gov.br\/noticias\/wp-json\/wp\/v2\/posts\/12692\/revisions"}],"wp:attachment":[{"href":"https:\/\/cajamar.sp.gov.br\/noticias\/wp-json\/wp\/v2\/media?parent=12692"}],"wp:term":[{"taxonomy":"category","embeddable":true,"href":"https:\/\/cajamar.sp.gov.br\/noticias\/wp-json\/wp\/v2\/categories?post=12692"},{"taxonomy":"post_tag","embeddable":true,"href":"https:\/\/cajamar.sp.gov.br\/noticias\/wp-json\/wp\/v2\/tags?post=12692"},{"taxonomy":"posicao","embeddable":true,"href":"https:\/\/cajamar.sp.gov.br\/noticias\/wp-json\/wp\/v2\/posicao?post=12692"}],"curies":[{"name":"wp","href":"https:\/\/api.w.org\/{rel}","templated":true}]}}