{"id":12755,"date":"2019-04-08T16:33:03","date_gmt":"2019-04-08T19:33:03","guid":{"rendered":"http:\/\/wphomologa.cijun.sp.gov.br\/STIMPREN\/?p=12755"},"modified":"2019-04-08T16:33:03","modified_gmt":"2019-04-08T19:33:03","slug":"campanha-de-vacinacao-contra-influenza-tem-inicio-em-cajamar","status":"publish","type":"post","link":"https:\/\/cajamar.sp.gov.br\/noticias\/2019\/04\/08\/campanha-de-vacinacao-contra-influenza-tem-inicio-em-cajamar\/","title":{"rendered":"Campanha de vacina\u00e7\u00e3o contra influenza tem in\u00edcio em Cajamar"},"content":{"rendered":"<!-- id:5545 -->\n\n<div class=\"wp-block-image\">\n<figure class=\"aligncenter\">\n<img decoding=\"async\" src=\"https:\/\/cajamar.sp.gov.br\/wp-content\/uploads\/arquivo\/img5545a.jpg\" \/>\n\n<\/figure>\n<\/div>\n\n\nDe 10 de abril a 31 de maio, est\u00e1 aberta a temporada de vacina\u00e7\u00e3o contra a Influenza que ser\u00e1 realizada em Cajamar com defini\u00e7\u00e3o de grupos priorit\u00e1rios para receber a vacina.<br><br>No per\u00edodo de 10 a 19 de abril, ser\u00e3o mobilizados os grupos priorit\u00e1rios de crian\u00e7as, gestantes e pu\u00e9rpera para a vacina\u00e7\u00e3o. A partir de 22 de abril, a vacina\u00e7\u00e3o contra influenza ocorrer\u00e1, com a mobiliza\u00e7\u00e3o de todos os grupos priorit\u00e1rios.<br><br><b>DIA D<\/b><br>No s\u00e1bado, dia 4 de maio, ser\u00e1 o dia D onde as Unidades B\u00e1sicas de Sa\u00fade do Parque S\u00e3o Roberto, Jordan\u00e9sia, Polvilho, Cajamar-Centro, Maria Lu\u00edza, Guaturinho e Parque Maria Aparecida, estar\u00e3o abertas das 8h \u00e0s 17h. <br><br>Unidade Volante do Lago Azul estar\u00e1 aberta das 9h \u00e0s 12h<br><br>USF do KM 43 e Ponunduva ser\u00e3o abertas at\u00e9 as 16h.<br><br>A Prefeitura de Cajamar informa que na ocasi\u00e3o das vacinas tamb\u00e9m ocorrer\u00e3o a atualiza\u00e7\u00e3o da Caderneta de Vacina\u00e7\u00e3o. <br><br><b>P\u00fablico-alvo<\/b><br>A escolha dos grupos priorit\u00e1rios segue recomenda\u00e7\u00e3o da (OMS). S\u00e3o priorizados os p\u00fablicos mais suscet\u00edveis ao agravamento de doen\u00e7as respirat\u00f3rias.<br><br>Os grupos priorit\u00e1rios desta campanha s\u00e3o pessoas a partir de 60 anos, crian\u00e7as de 6 meses a 5 anos 11 meses e 29 dias (menores de 6 anos), trabalhadores de sa\u00fade, professores das redes p\u00fablica e privada, povos ind\u00edgenas, gestantes, pu\u00e9rperas (at\u00e9 45 dias ap\u00f3s o parto), portadores de doen\u00e7as cr\u00f4nicas n\u00e3o-transmiss\u00edveis, pessoas privadas de liberdade, adolescentes e jovens de 12 a 21 anos em medidas socioeducativas e os funcion\u00e1rios do sistema prisional.<br><br>Para se imunizar, a pessoa deve apresentar um documento oficial e o cart\u00e3o de vacina\u00e7\u00e3o. Os doentes cr\u00f4nicos tamb\u00e9m devem apresentar o relat\u00f3rio m\u00e9dico especificando o motivo da indica\u00e7\u00e3o da vacina.<br>\n\n<!-- galeria:5545 -->","protected":false},"excerpt":{"rendered":"<p>Tamb\u00e9m ocorrer\u00e3o a atualiza\u00e7\u00e3o da Caderneta de Vacina\u00e7\u00e3o com a oferta das demais vacinas do Calend\u00e1rio Nacional de Vacina\u00e7\u00e3o<\/p>\n","protected":false},"author":5,"featured_media":0,"comment_status":"open","ping_status":"open","sticky":false,"template":"","format":"standard","meta":{"footnotes":""},"categories":[2],"tags":[],"posicao":[],"class_list":["post-12755","post","type-post","status-publish","format-standard","hentry","category-saude"],"_links":{"self":[{"href":"https:\/\/cajamar.sp.gov.br\/noticias\/wp-json\/wp\/v2\/posts\/12755","targetHints":{"allow":["GET"]}}],"collection":[{"href":"https:\/\/cajamar.sp.gov.br\/noticias\/wp-json\/wp\/v2\/posts"}],"about":[{"href":"https:\/\/cajamar.sp.gov.br\/noticias\/wp-json\/wp\/v2\/types\/post"}],"author":[{"embeddable":true,"href":"https:\/\/cajamar.sp.gov.br\/noticias\/wp-json\/wp\/v2\/users\/5"}],"replies":[{"embeddable":true,"href":"https:\/\/cajamar.sp.gov.br\/noticias\/wp-json\/wp\/v2\/comments?post=12755"}],"version-history":[{"count":0,"href":"https:\/\/cajamar.sp.gov.br\/noticias\/wp-json\/wp\/v2\/posts\/12755\/revisions"}],"wp:attachment":[{"href":"https:\/\/cajamar.sp.gov.br\/noticias\/wp-json\/wp\/v2\/media?parent=12755"}],"wp:term":[{"taxonomy":"category","embeddable":true,"href":"https:\/\/cajamar.sp.gov.br\/noticias\/wp-json\/wp\/v2\/categories?post=12755"},{"taxonomy":"post_tag","embeddable":true,"href":"https:\/\/cajamar.sp.gov.br\/noticias\/wp-json\/wp\/v2\/tags?post=12755"},{"taxonomy":"posicao","embeddable":true,"href":"https:\/\/cajamar.sp.gov.br\/noticias\/wp-json\/wp\/v2\/posicao?post=12755"}],"curies":[{"name":"wp","href":"https:\/\/api.w.org\/{rel}","templated":true}]}}