{"id":12758,"date":"2019-04-10T15:29:04","date_gmt":"2019-04-10T18:29:04","guid":{"rendered":"http:\/\/wphomologa.cijun.sp.gov.br\/STIMPREN\/?p=12758"},"modified":"2019-04-10T15:29:04","modified_gmt":"2019-04-10T18:29:04","slug":"7a-conferencia-municipal-da-saude-acontece-neste-sabado-13","status":"publish","type":"post","link":"https:\/\/cajamar.sp.gov.br\/noticias\/2019\/04\/10\/7a-conferencia-municipal-da-saude-acontece-neste-sabado-13\/","title":{"rendered":"7\u00aa Confer\u00eancia Municipal da Sa\u00fade acontece neste s\u00e1bado (13)"},"content":{"rendered":"<!-- id:5548 -->\n\n<div class=\"wp-block-image\">\n<figure class=\"aligncenter\">\n<img decoding=\"async\" src=\"https:\/\/cajamar.sp.gov.br\/wp-content\/uploads\/arquivo\/img5548a.jpg\" \/>\n\n<\/figure>\n<\/div>\n\n\nSer\u00e1 realizado no pr\u00f3ximo s\u00e1bado, dia 13, na C\u00e2mara Municipal, a 7\u00aa Confer\u00eancia Municipal da Sa\u00fade com o tema \u201cDemocracia e Sa\u00fade: Sa\u00fade como Direito e Consolida\u00e7\u00e3o e Financiamento do SUS\u201d. A confer\u00eancia ser\u00e1 das 9h \u00e0s 17h.<br><br>A Confer\u00eancia Municipal de Sa\u00fade \u00e9 realizada pela Secretaria Municipal e Conselho Municipal de Sa\u00fade. <br><br>\u201c\u00c9 um momento important\u00edssimo para discutir o que est\u00e1 sendo feito e propor novas a\u00e7\u00f5es. Sua realiza\u00e7\u00e3o atende a uma exig\u00eancia legal e antecede as Confer\u00eancias Estadual e Nacional. \u00c9 a oportunidade de levantar quest\u00f5es a serem levadas adiante, nas demais confer\u00eancias. A participa\u00e7\u00e3o na Confer\u00eancia Municipal de Sa\u00fade \u00e9 aberta ao p\u00fablico e o credenciamento \u00e9 feito no mesmo dia\u201d \u2013 informou M\u00e1rcio de L\u00facio, Secret\u00e1rio de Sa\u00fade. <br>\n\n<!-- galeria:5548 -->","protected":false},"excerpt":{"rendered":"<p>Confer\u00eancia acontece das 9h \u00e0s 17h na C\u00e2mara<\/p>\n","protected":false},"author":5,"featured_media":0,"comment_status":"open","ping_status":"open","sticky":false,"template":"","format":"standard","meta":{"footnotes":""},"categories":[2],"tags":[],"posicao":[],"class_list":["post-12758","post","type-post","status-publish","format-standard","hentry","category-saude"],"_links":{"self":[{"href":"https:\/\/cajamar.sp.gov.br\/noticias\/wp-json\/wp\/v2\/posts\/12758","targetHints":{"allow":["GET"]}}],"collection":[{"href":"https:\/\/cajamar.sp.gov.br\/noticias\/wp-json\/wp\/v2\/posts"}],"about":[{"href":"https:\/\/cajamar.sp.gov.br\/noticias\/wp-json\/wp\/v2\/types\/post"}],"author":[{"embeddable":true,"href":"https:\/\/cajamar.sp.gov.br\/noticias\/wp-json\/wp\/v2\/users\/5"}],"replies":[{"embeddable":true,"href":"https:\/\/cajamar.sp.gov.br\/noticias\/wp-json\/wp\/v2\/comments?post=12758"}],"version-history":[{"count":0,"href":"https:\/\/cajamar.sp.gov.br\/noticias\/wp-json\/wp\/v2\/posts\/12758\/revisions"}],"wp:attachment":[{"href":"https:\/\/cajamar.sp.gov.br\/noticias\/wp-json\/wp\/v2\/media?parent=12758"}],"wp:term":[{"taxonomy":"category","embeddable":true,"href":"https:\/\/cajamar.sp.gov.br\/noticias\/wp-json\/wp\/v2\/categories?post=12758"},{"taxonomy":"post_tag","embeddable":true,"href":"https:\/\/cajamar.sp.gov.br\/noticias\/wp-json\/wp\/v2\/tags?post=12758"},{"taxonomy":"posicao","embeddable":true,"href":"https:\/\/cajamar.sp.gov.br\/noticias\/wp-json\/wp\/v2\/posicao?post=12758"}],"curies":[{"name":"wp","href":"https:\/\/api.w.org\/{rel}","templated":true}]}}