{"id":12785,"date":"2019-05-06T16:43:38","date_gmt":"2019-05-06T19:43:38","guid":{"rendered":"http:\/\/wphomologa.cijun.sp.gov.br\/STIMPREN\/?p=12785"},"modified":"2019-05-06T16:43:38","modified_gmt":"2019-05-06T19:43:38","slug":"cajamar-se-destaca-na-23a-edicao-dos-jogos-regionais-do-idoso","status":"publish","type":"post","link":"https:\/\/cajamar.sp.gov.br\/noticias\/2019\/05\/06\/cajamar-se-destaca-na-23a-edicao-dos-jogos-regionais-do-idoso\/","title":{"rendered":"Cajamar se destaca na 23\u00aa edi\u00e7\u00e3o dos Jogos Regionais do Idoso"},"content":{"rendered":"<!-- id:5575 -->\n\n<div class=\"wp-block-image\">\n<figure class=\"aligncenter\">\n<img decoding=\"async\" src=\"https:\/\/cajamar.sp.gov.br\/wp-content\/uploads\/arquivo\/img5575a.jpg\" \/>\n<figcaption>Foto da Prefeitura de S\u00e3o Sebasti\u00e3o<\/figcaption>\n<\/figure>\n<\/div>\n\n\nA delega\u00e7\u00e3o cajamarense que competiu a fase regional do Jori (Jogos Regionais do Idoso) ficou na 25\u00aa coloca\u00e7\u00e3o geral da competi\u00e7\u00e3o. A equipe se destacou diante de 40 munic\u00edpios. <br><br>A 23\u00aa edi\u00e7\u00e3o dos Jogos Regionais do Idoso ocorreu de 30 de abril a 5 de maio em S\u00e3o Sebasti\u00e3o-SP. A fase foi disputada por 3.700 atletas da terceira idade, a partir de 60 anos.<br><br>Cajamar teve delega\u00e7\u00e3o de 45 atletas, mais equipe de coordena\u00e7\u00e3o, com dirigentes, t\u00e9cnicos e pessoal de apoio. A cidade competiu nas seguintes modalidades: v\u00f4lei adaptado, t\u00eanis de mesa, coreografia, dan\u00e7a de sal\u00e3o, damas, xadrez, domin\u00f3, buraco, trinca e bocha.<br><br>A participa\u00e7\u00e3o da cidade da etapa no Jori foi coordenada pela Secretaria Municipal de Desenvolvimento Social. Os jogos t\u00eam por objetivo proporcionar o conv\u00edvio social, troca de experi\u00eancias entre os atletas da terceira idade e valorizar e estimular a pr\u00e1tica esportiva.<br><br>O prefeito Danilo Joan esteve na final da competi\u00e7\u00e3o acompanhando a delega\u00e7\u00e3o cajamarense e parabenizou toda a equipe. \u201cFiquei muito feliz em participar deste momento especial, onde nossa cidade foi muito bem representada. Al\u00e9m disto, os atletas me convidaram para plantar mudas de Ara\u00e7\u00e1, \u00e1rvore s\u00edmbolo da nossa cidade, onde esse momento ficar\u00e1 marcado em minha vida\u201d.<br><br>O Secret\u00e1rio de Desenvolvimento Social, Niedson Silva Souza Filho, parabenizou a equipe cajamarense pela coloca\u00e7\u00e3o e desejou sucesso para o pr\u00f3ximo ano. <br><br>Fl\u00e1vio da Concei\u00e7\u00e3o Pinto, coordenador do N\u00facleo do Idoso de Cajamar, parabenizou a estrutura cedida pela prefeitura. \u201cEste ano pela primeira vez os atletas foram acomodados em um hotel dando mais condi\u00e7\u00f5es e conforto a todos&#8221;.\n\n<!-- galeria:5575 -->\n\n<ul class=\"wp-block-gallery columns-2 is-cropped wp-block-gallery-1 is-layout-flex wp-block-gallery-is-layout-flex\">\n\n<li class=\"blocks-gallery-item\">\n\n<figure>\n\n<img decoding=\"async\" src=\"https:\/\/cajamar.sp.gov.br\/wp-content\/uploads\/arquivo\/img5575b.jpg\" \/>\n\n<figcaption><\/figcaption>\n\n<\/figure>\n\n<\/li>\n\n\n\n<\/ul>\n\n\n","protected":false},"excerpt":{"rendered":"<p>A equipe se destacou diante de 40 munic\u00edpios, ficando na 25\u00aa coloca\u00e7\u00e3o geral da competi\u00e7\u00e3o<\/p>\n","protected":false},"author":5,"featured_media":0,"comment_status":"open","ping_status":"open","sticky":false,"template":"","format":"standard","meta":{"footnotes":""},"categories":[4],"tags":[],"posicao":[],"class_list":["post-12785","post","type-post","status-publish","format-standard","hentry","category-social"],"_links":{"self":[{"href":"https:\/\/cajamar.sp.gov.br\/noticias\/wp-json\/wp\/v2\/posts\/12785","targetHints":{"allow":["GET"]}}],"collection":[{"href":"https:\/\/cajamar.sp.gov.br\/noticias\/wp-json\/wp\/v2\/posts"}],"about":[{"href":"https:\/\/cajamar.sp.gov.br\/noticias\/wp-json\/wp\/v2\/types\/post"}],"author":[{"embeddable":true,"href":"https:\/\/cajamar.sp.gov.br\/noticias\/wp-json\/wp\/v2\/users\/5"}],"replies":[{"embeddable":true,"href":"https:\/\/cajamar.sp.gov.br\/noticias\/wp-json\/wp\/v2\/comments?post=12785"}],"version-history":[{"count":0,"href":"https:\/\/cajamar.sp.gov.br\/noticias\/wp-json\/wp\/v2\/posts\/12785\/revisions"}],"wp:attachment":[{"href":"https:\/\/cajamar.sp.gov.br\/noticias\/wp-json\/wp\/v2\/media?parent=12785"}],"wp:term":[{"taxonomy":"category","embeddable":true,"href":"https:\/\/cajamar.sp.gov.br\/noticias\/wp-json\/wp\/v2\/categories?post=12785"},{"taxonomy":"post_tag","embeddable":true,"href":"https:\/\/cajamar.sp.gov.br\/noticias\/wp-json\/wp\/v2\/tags?post=12785"},{"taxonomy":"posicao","embeddable":true,"href":"https:\/\/cajamar.sp.gov.br\/noticias\/wp-json\/wp\/v2\/posicao?post=12785"}],"curies":[{"name":"wp","href":"https:\/\/api.w.org\/{rel}","templated":true}]}}