{"id":12832,"date":"2019-05-23T10:28:07","date_gmt":"2019-05-23T13:28:07","guid":{"rendered":"http:\/\/wphomologa.cijun.sp.gov.br\/STIMPREN\/?p=12832"},"modified":"2019-05-23T10:28:07","modified_gmt":"2019-05-23T13:28:07","slug":"nota-de-pesar-pelo-falecimento-de-geraldo-batista-dos-santos","status":"publish","type":"post","link":"https:\/\/cajamar.sp.gov.br\/noticias\/2019\/05\/23\/nota-de-pesar-pelo-falecimento-de-geraldo-batista-dos-santos\/","title":{"rendered":"Nota de pesar pelo falecimento de Geraldo Batista dos Santos"},"content":{"rendered":"<!-- id:5636 -->\n\n<div class=\"wp-block-image\">\n<figure class=\"aligncenter\">\n<img decoding=\"async\" src=\"https:\/\/cajamar.sp.gov.br\/wp-content\/uploads\/arquivo\/img5636a.jpg\" \/>\n\n<\/figure>\n<\/div>\n\n\nA Prefeitura de Cajamar lamenta com profundo pesar e manifesta sua solidariedade \u00e0 fam\u00edlia do ex-funcion\u00e1rio e volunt\u00e1rio do Fundo Social de Solidariedade, Geraldo Batista dos Santos, que faleceu na manh\u00e3 desta quarta-feira (22).<br><br>Geraldo j\u00e1 exerceu a fun\u00e7\u00e3o de Guarda Patrimonial em escolas da rede municipal e posteriormente transferido para o Fundo Social de Solidariedade, onde permaneceu at\u00e9 2018. Com 62 anos, era extremamente ativo e tinha como distra\u00e7\u00e3o o trabalho voluntario, servi\u00e7o que realizava com dedica\u00e7\u00e3o e amor as fam\u00edlias atendidas pelo Fundo Social de Solidariedade de Cajamar.<br><br>A Prefeitura de Cajamar se solidariza com seus familiares e amigos. Na oportunidade, presta as sinceras condol\u00eancias por t\u00e3o grande perda. O sepultamento ocorreu nesta quinta-feira (23), \u00e0s 09 horas no Cemit\u00e9rio Municipal de Cajamar.\n\n<!-- galeria:5636 -->","protected":false},"excerpt":{"rendered":"<p>Prefeitura lamenta a morte do ex-funcion\u00e1rio p\u00fablico<\/p>\n","protected":false},"author":5,"featured_media":0,"comment_status":"open","ping_status":"open","sticky":false,"template":"","format":"standard","meta":{"footnotes":""},"categories":[1],"tags":[],"posicao":[],"class_list":["post-12832","post","type-post","status-publish","format-standard","hentry","category-noticias"],"_links":{"self":[{"href":"https:\/\/cajamar.sp.gov.br\/noticias\/wp-json\/wp\/v2\/posts\/12832","targetHints":{"allow":["GET"]}}],"collection":[{"href":"https:\/\/cajamar.sp.gov.br\/noticias\/wp-json\/wp\/v2\/posts"}],"about":[{"href":"https:\/\/cajamar.sp.gov.br\/noticias\/wp-json\/wp\/v2\/types\/post"}],"author":[{"embeddable":true,"href":"https:\/\/cajamar.sp.gov.br\/noticias\/wp-json\/wp\/v2\/users\/5"}],"replies":[{"embeddable":true,"href":"https:\/\/cajamar.sp.gov.br\/noticias\/wp-json\/wp\/v2\/comments?post=12832"}],"version-history":[{"count":0,"href":"https:\/\/cajamar.sp.gov.br\/noticias\/wp-json\/wp\/v2\/posts\/12832\/revisions"}],"wp:attachment":[{"href":"https:\/\/cajamar.sp.gov.br\/noticias\/wp-json\/wp\/v2\/media?parent=12832"}],"wp:term":[{"taxonomy":"category","embeddable":true,"href":"https:\/\/cajamar.sp.gov.br\/noticias\/wp-json\/wp\/v2\/categories?post=12832"},{"taxonomy":"post_tag","embeddable":true,"href":"https:\/\/cajamar.sp.gov.br\/noticias\/wp-json\/wp\/v2\/tags?post=12832"},{"taxonomy":"posicao","embeddable":true,"href":"https:\/\/cajamar.sp.gov.br\/noticias\/wp-json\/wp\/v2\/posicao?post=12832"}],"curies":[{"name":"wp","href":"https:\/\/api.w.org\/{rel}","templated":true}]}}