{"id":12873,"date":"2019-06-04T10:59:45","date_gmt":"2019-06-04T13:59:45","guid":{"rendered":"http:\/\/wphomologa.cijun.sp.gov.br\/STIMPREN\/?p=12873"},"modified":"2019-06-04T10:59:45","modified_gmt":"2019-06-04T13:59:45","slug":"saude-na-praca-atendeu-dezenas-de-moradores-do-lago-azul","status":"publish","type":"post","link":"https:\/\/cajamar.sp.gov.br\/noticias\/2019\/06\/04\/saude-na-praca-atendeu-dezenas-de-moradores-do-lago-azul\/","title":{"rendered":"\u201cSa\u00fade na Pra\u00e7a\u201d atendeu dezenas de moradores do Lago Azul"},"content":{"rendered":"<!-- id:5679 -->\n\n<div class=\"wp-block-image\">\n<figure class=\"aligncenter\">\n<img decoding=\"async\" src=\"https:\/\/cajamar.sp.gov.br\/wp-content\/uploads\/arquivo\/img5679a.jpg\" \/>\n\n<\/figure>\n<\/div>\n\n\nA a\u00e7\u00e3o \u201cSa\u00fade na Pra\u00e7a\u201d levou, no \u00faltimo s\u00e1bado (1), diversos atendimentos em sa\u00fade aos moradores do bairro rural do Lago Azul, em Cajamar. O trabalho foi realizado pela Secretaria de Sa\u00fade em parceria com as Secretarias de Educa\u00e7\u00e3o e Esportes. Foram mais de 70 atendimentos entre consultas m\u00e9dicas, atendimentos odontol\u00f3gicos, teste de oftalmologia, teste r\u00e1pido, vacina\u00e7\u00e3o, dentre outros servi\u00e7os.<br><br>Os moradores do bairro e adjac\u00eancias foram avaliados por equipes m\u00e9dicas e de enfermagem, al\u00e9m de orienta\u00e7\u00f5es com a equipe de nutri\u00e7\u00e3o e psicologia, exames de acuidade visual, educa\u00e7\u00e3o em sa\u00fade bucal e imuniza\u00e7\u00e3o de adultos com vacinas contra Influenza, SCR, dupla adulto e hepatite B.<br><br>A moradora Caroline Cristina da Silva S\u00e1, de 26 anos, aproveitou a a\u00e7\u00e3o e realizou exames. \u201cGostei muito. Estamos em um bairro distante de hospitais e postos de sa\u00fade e esse projeto possibilita abranger mais pessoas. Foi muito bom\u201d, afirmou.<br><br>A diarista Irene Maria de Melo, de 60 anos, tamb\u00e9m realizou uma avalia\u00e7\u00e3o de sa\u00fade. \u201cHoje consegui um tempo para me cuidar, realizei uma consulta com a m\u00e9dica, fiz os exames, e gostei muito\u201d, disse.<br><br>O vice-prefeito Moacyr Pedro Da Silva enfatizou que essas a\u00e7\u00f5es fazem parte da constru\u00e7\u00e3o da nova sa\u00fade do munic\u00edpio. \u201cEstamos fazendo a constru\u00e7\u00e3o da sa\u00fade que queremos em nossa cidade com atua\u00e7\u00f5es mais presentes \u00e0 popula\u00e7\u00e3o\u201d, disse Moacyr.<br><br>A secret\u00e1ria municipal de Sa\u00fade, Patr\u00edcia Haddad, citou alguns servi\u00e7os disponibilizados \u00e0 popula\u00e7\u00e3o durante a a\u00e7\u00e3o. \u201cRealizamos importantes exames e testes r\u00e1pidos. O setor de agendamento tamb\u00e9m esteve aqui marcando consultas e exames. Nossa proposta \u00e9 estar cada vez mais perto da popula\u00e7\u00e3o. Gostaria de agradecer, em especial, \u00e0 secretaria de Educa\u00e7\u00e3o e \u00e0 secretaria de Esporte, Cultura e Lazer pela parceria\u201d, completou.<br><br>Segundo dados fornecidos pela Secretaria Municipal de Sa\u00fade, participaram da a\u00e7\u00e3o mais de 70 pessoas. Foram realizadas 67 verifica\u00e7\u00f5es de press\u00e3o e testes de glicemia, 30 atendimentos cl\u00ednico e pedi\u00e1trico e 24 testes r\u00e1pidos de HIV e s\u00edfilis.<br>\n\n<!-- galeria:5679 -->\n\n<ul class=\"wp-block-gallery columns-2 is-cropped wp-block-gallery-1 is-layout-flex wp-block-gallery-is-layout-flex\">\n\n<li class=\"blocks-gallery-item\">\n\n<figure>\n\n<img decoding=\"async\" src=\"https:\/\/cajamar.sp.gov.br\/wp-content\/uploads\/arquivo\/img5679b.jpg\" \/>\n\n<figcaption><\/figcaption>\n\n<\/figure>\n\n<\/li>\n\n\n\n<li class=\"blocks-gallery-item\">\n\n<figure>\n\n<img decoding=\"async\" src=\"https:\/\/cajamar.sp.gov.br\/wp-content\/uploads\/arquivo\/img5679c.jpg\" \/>\n\n<figcaption><\/figcaption>\n\n<\/figure>\n\n<\/li>\n\n\n\n<li class=\"blocks-gallery-item\">\n\n<figure>\n\n<img decoding=\"async\" src=\"https:\/\/cajamar.sp.gov.br\/wp-content\/uploads\/arquivo\/img5679d.jpg\" \/>\n\n<figcaption><\/figcaption>\n\n<\/figure>\n\n<\/li>\n\n\n\n<\/ul>\n\n\n","protected":false},"excerpt":{"rendered":"<p>Os moradores do bairro e adjac\u00eancias foram avaliados por equipes m\u00e9dicas e de enfermagem.<\/p>\n","protected":false},"author":5,"featured_media":0,"comment_status":"open","ping_status":"open","sticky":false,"template":"","format":"standard","meta":{"footnotes":""},"categories":[2],"tags":[],"posicao":[],"class_list":["post-12873","post","type-post","status-publish","format-standard","hentry","category-saude"],"_links":{"self":[{"href":"https:\/\/cajamar.sp.gov.br\/noticias\/wp-json\/wp\/v2\/posts\/12873","targetHints":{"allow":["GET"]}}],"collection":[{"href":"https:\/\/cajamar.sp.gov.br\/noticias\/wp-json\/wp\/v2\/posts"}],"about":[{"href":"https:\/\/cajamar.sp.gov.br\/noticias\/wp-json\/wp\/v2\/types\/post"}],"author":[{"embeddable":true,"href":"https:\/\/cajamar.sp.gov.br\/noticias\/wp-json\/wp\/v2\/users\/5"}],"replies":[{"embeddable":true,"href":"https:\/\/cajamar.sp.gov.br\/noticias\/wp-json\/wp\/v2\/comments?post=12873"}],"version-history":[{"count":0,"href":"https:\/\/cajamar.sp.gov.br\/noticias\/wp-json\/wp\/v2\/posts\/12873\/revisions"}],"wp:attachment":[{"href":"https:\/\/cajamar.sp.gov.br\/noticias\/wp-json\/wp\/v2\/media?parent=12873"}],"wp:term":[{"taxonomy":"category","embeddable":true,"href":"https:\/\/cajamar.sp.gov.br\/noticias\/wp-json\/wp\/v2\/categories?post=12873"},{"taxonomy":"post_tag","embeddable":true,"href":"https:\/\/cajamar.sp.gov.br\/noticias\/wp-json\/wp\/v2\/tags?post=12873"},{"taxonomy":"posicao","embeddable":true,"href":"https:\/\/cajamar.sp.gov.br\/noticias\/wp-json\/wp\/v2\/posicao?post=12873"}],"curies":[{"name":"wp","href":"https:\/\/api.w.org\/{rel}","templated":true}]}}