{"id":12915,"date":"2019-06-18T08:58:05","date_gmt":"2019-06-18T11:58:05","guid":{"rendered":"http:\/\/wphomologa.cijun.sp.gov.br\/STIMPREN\/?p=12915"},"modified":"2019-06-18T08:58:05","modified_gmt":"2019-06-18T11:58:05","slug":"cajamar-se-prepara-para-celebrar-corpus-christi","status":"publish","type":"post","link":"https:\/\/cajamar.sp.gov.br\/noticias\/2019\/06\/18\/cajamar-se-prepara-para-celebrar-corpus-christi\/","title":{"rendered":"Cajamar se prepara para celebrar Corpus Christi"},"content":{"rendered":"<!-- id:5726 -->\n\n<div class=\"wp-block-image\">\n<figure class=\"aligncenter\">\n<img decoding=\"async\" src=\"https:\/\/cajamar.sp.gov.br\/wp-content\/uploads\/arquivo\/img5726a.jpg\" \/>\n\n<\/figure>\n<\/div>\n\n\nNa pr\u00f3xima quinta-feira (20), a comunidade cat\u00f3lica celebra Corpus Christi, festa em alus\u00e3o \u00e0 Quinta-Feira Santa, na qual Jesus instituiu o Sacramento da Eucaristia.<br><br>Em Cajamar, a Par\u00f3quia S\u00e3o Sebasti\u00e3o, no Centro, vai promover uma programa\u00e7\u00e3o com missa, confec\u00e7\u00e3o dos tradicionais tapetes e prociss\u00e3o, evento que se tornou tradi\u00e7\u00e3o e uma grande manifesta\u00e7\u00e3o popular.<br><br>A Prefeitura de Cajamar, por meio da Secretaria de Mobilidade e Desenvolvimento Urbano prestam apoio \u00e0 festividade cat\u00f3lica.<br><br><b>Veja a Programa\u00e7\u00e3o do Dia 20 de Junho<\/b><br><br><b>6h<\/b> \u2013 Confec\u00e7\u00e3o do Tradicional Tapete \u2013 Avenida Professor Walter Ribas de Andrade \u2013 Cajamar-Centro.<br><br><b>17h<\/b> \u2013 Missa Solene \u2013 Par\u00f3quia S\u00e3o Sebasti\u00e3o de Cajamar<br><br><b>18h30<\/b> \u2013 Prociss\u00e3o at\u00e9 a Pra\u00e7a Alfredo S\u00f3ria (Pra\u00e7a do Buraco)<br><br>Maiores informa\u00e7\u00f5es poder\u00e3o ser obtidas na secretaria da Par\u00f3quia S\u00e3o Sebasti\u00e3o ou atrav\u00e9s do telefone (11) 4446-6155.\n\n<!-- galeria:5726 -->\n\n<ul class=\"wp-block-gallery columns-2 is-cropped wp-block-gallery-1 is-layout-flex wp-block-gallery-is-layout-flex\">\n\n<li class=\"blocks-gallery-item\">\n\n<figure>\n\n<img decoding=\"async\" src=\"https:\/\/cajamar.sp.gov.br\/wp-content\/uploads\/arquivo\/img5726b.jpg\" \/>\n\n<figcaption><\/figcaption>\n\n<\/figure>\n\n<\/li>\n\n\n\n<\/ul>\n\n\n","protected":false},"excerpt":{"rendered":"<p>A Prefeitura de Cajamar, por meio da Secretaria de Mobilidade e Desenvolvimento Urbano prestam apoio \u00e0 festividade cat\u00f3lica<\/p>\n","protected":false},"author":5,"featured_media":0,"comment_status":"open","ping_status":"open","sticky":false,"template":"","format":"standard","meta":{"footnotes":""},"categories":[1],"tags":[],"posicao":[],"class_list":["post-12915","post","type-post","status-publish","format-standard","hentry","category-noticias"],"_links":{"self":[{"href":"https:\/\/cajamar.sp.gov.br\/noticias\/wp-json\/wp\/v2\/posts\/12915","targetHints":{"allow":["GET"]}}],"collection":[{"href":"https:\/\/cajamar.sp.gov.br\/noticias\/wp-json\/wp\/v2\/posts"}],"about":[{"href":"https:\/\/cajamar.sp.gov.br\/noticias\/wp-json\/wp\/v2\/types\/post"}],"author":[{"embeddable":true,"href":"https:\/\/cajamar.sp.gov.br\/noticias\/wp-json\/wp\/v2\/users\/5"}],"replies":[{"embeddable":true,"href":"https:\/\/cajamar.sp.gov.br\/noticias\/wp-json\/wp\/v2\/comments?post=12915"}],"version-history":[{"count":0,"href":"https:\/\/cajamar.sp.gov.br\/noticias\/wp-json\/wp\/v2\/posts\/12915\/revisions"}],"wp:attachment":[{"href":"https:\/\/cajamar.sp.gov.br\/noticias\/wp-json\/wp\/v2\/media?parent=12915"}],"wp:term":[{"taxonomy":"category","embeddable":true,"href":"https:\/\/cajamar.sp.gov.br\/noticias\/wp-json\/wp\/v2\/categories?post=12915"},{"taxonomy":"post_tag","embeddable":true,"href":"https:\/\/cajamar.sp.gov.br\/noticias\/wp-json\/wp\/v2\/tags?post=12915"},{"taxonomy":"posicao","embeddable":true,"href":"https:\/\/cajamar.sp.gov.br\/noticias\/wp-json\/wp\/v2\/posicao?post=12915"}],"curies":[{"name":"wp","href":"https:\/\/api.w.org\/{rel}","templated":true}]}}