{"id":12926,"date":"2019-06-25T11:47:51","date_gmt":"2019-06-25T14:47:51","guid":{"rendered":"http:\/\/wphomologa.cijun.sp.gov.br\/STIMPREN\/?p=12926"},"modified":"2019-06-25T11:47:51","modified_gmt":"2019-06-25T14:47:51","slug":"dia-29-de-junho-sera-o-dia-d-contra-febre-amarela-e-sarampo-em-cajamar","status":"publish","type":"post","link":"https:\/\/cajamar.sp.gov.br\/noticias\/2019\/06\/25\/dia-29-de-junho-sera-o-dia-d-contra-febre-amarela-e-sarampo-em-cajamar\/","title":{"rendered":"Dia 29 de junho ser\u00e1 o dia \u201cD\u201d contra febre amarela e sarampo em Cajamar"},"content":{"rendered":"<!-- id:5741 -->\n\n<div class=\"wp-block-image\">\n<figure class=\"aligncenter\">\n<img decoding=\"async\" src=\"https:\/\/cajamar.sp.gov.br\/wp-content\/uploads\/arquivo\/img5741a.jpg\" \/>\n\n<\/figure>\n<\/div>\n\n\nA Prefeitura de Cajamar, por meio da Secretaria da Sa\u00fade, convoca toda a popula\u00e7\u00e3o para o dia \u201cD\u201d da campanha de vacina\u00e7\u00e3o, que ser\u00e1 realizado no pr\u00f3ximo s\u00e1bado, dia 29 de junho das 8h \u00e0s 17h.<br><br>Tamb\u00e9m estar\u00e3o dispon\u00edveis no dia as vacinas de Febre Amarela, Sarampo\/Caxumba\/Rub\u00e9ola e HPV. Nesta data, as crian\u00e7as poder\u00e3o atualizar a carteira de vacina. Para ser vacinados \u00e9 necess\u00e1rio levar a carteira de vacina\u00e7\u00e3o e documento.<br> <br><b>Locais:<\/b><br> <br><b>UBS DE JORDAN\u00c9SIA<\/b> &#8211;  Av. Antonio Candido Machado, 1607 &#8211; Jordan\u00e9sia<br><b>UBS DO POLVILHO<\/b> \u2013 Rua Timburi, 01 \u2013 Polvilho<br> <br>Hor\u00e1rio \u2013 das 08h \u00e0s 17h<br> <br><b>Recomenda\u00e7\u00f5es:<\/b><br> <br><b>&#8211; FEBRE AMARELA &#8211;  Destinada aos mun\u00edcipes que ainda n\u00e3o tomaram a dose.<\/b><br><br>*Devem consultar o m\u00e9dico sobre a necessidade da vacina os portadores de HIV positivo, pacientes com tratamento quimioter\u00e1pico conclu\u00eddo e transplantados. N\u00e3o h\u00e1 indica\u00e7\u00e3o de imuniza\u00e7\u00e3o para gr\u00e1vidas, mulheres amamentando crian\u00e7as com at\u00e9 6 meses e imunossuprimidos, como pacientes em tratamento quimioter\u00e1pico, radioter\u00e1pico ou com cortic\u00f3ides em doses elevadas (como por exemplo L\u00fapus e Artrite Reumatoide). Em caso de d\u00favida, \u00e9 fundamental consultar o m\u00e9dico.<br> <br><b>&#8211; SARAMPO \/CAXUMBA\/RUB\u00c9OLA<\/b> &#8211;  Tamb\u00e9m estar\u00e3o dispon\u00edveis aos mun\u00edcipes que necessitem complementar sua caderneta. A vacina \u00e9 contra indicada para gestantes e indiv\u00edduos imunossuprimidos.<br> <br><b>&#8211; HPV \u2013 destinada  a meninas com idade entre 9 e 14 anos e meninos de 11 a 14 anos que ainda n\u00e3o tomaram a vacina ou est\u00e3o com a segunda dose em atraso.<\/b>\n\n<!-- galeria:5741 -->","protected":false},"excerpt":{"rendered":"<p>As vacinas da campanha estar\u00e3o dispon\u00edveis nas UBS de Jordan\u00e9sia e Polvilho<\/p>\n","protected":false},"author":5,"featured_media":0,"comment_status":"open","ping_status":"open","sticky":false,"template":"","format":"standard","meta":{"footnotes":""},"categories":[2],"tags":[],"posicao":[],"class_list":["post-12926","post","type-post","status-publish","format-standard","hentry","category-saude"],"_links":{"self":[{"href":"https:\/\/cajamar.sp.gov.br\/noticias\/wp-json\/wp\/v2\/posts\/12926","targetHints":{"allow":["GET"]}}],"collection":[{"href":"https:\/\/cajamar.sp.gov.br\/noticias\/wp-json\/wp\/v2\/posts"}],"about":[{"href":"https:\/\/cajamar.sp.gov.br\/noticias\/wp-json\/wp\/v2\/types\/post"}],"author":[{"embeddable":true,"href":"https:\/\/cajamar.sp.gov.br\/noticias\/wp-json\/wp\/v2\/users\/5"}],"replies":[{"embeddable":true,"href":"https:\/\/cajamar.sp.gov.br\/noticias\/wp-json\/wp\/v2\/comments?post=12926"}],"version-history":[{"count":0,"href":"https:\/\/cajamar.sp.gov.br\/noticias\/wp-json\/wp\/v2\/posts\/12926\/revisions"}],"wp:attachment":[{"href":"https:\/\/cajamar.sp.gov.br\/noticias\/wp-json\/wp\/v2\/media?parent=12926"}],"wp:term":[{"taxonomy":"category","embeddable":true,"href":"https:\/\/cajamar.sp.gov.br\/noticias\/wp-json\/wp\/v2\/categories?post=12926"},{"taxonomy":"post_tag","embeddable":true,"href":"https:\/\/cajamar.sp.gov.br\/noticias\/wp-json\/wp\/v2\/tags?post=12926"},{"taxonomy":"posicao","embeddable":true,"href":"https:\/\/cajamar.sp.gov.br\/noticias\/wp-json\/wp\/v2\/posicao?post=12926"}],"curies":[{"name":"wp","href":"https:\/\/api.w.org\/{rel}","templated":true}]}}