{"id":12940,"date":"2019-06-28T17:00:42","date_gmt":"2019-06-28T20:00:42","guid":{"rendered":"http:\/\/wphomologa.cijun.sp.gov.br\/STIMPREN\/?p=12940"},"modified":"2019-06-28T17:00:42","modified_gmt":"2019-06-28T20:00:42","slug":"contra-febre-amarela-cajamar-realiza-dia-d-de-vacinacao-neste-sabado-29","status":"publish","type":"post","link":"https:\/\/cajamar.sp.gov.br\/noticias\/2019\/06\/28\/contra-febre-amarela-cajamar-realiza-dia-d-de-vacinacao-neste-sabado-29\/","title":{"rendered":"Contra febre amarela, Cajamar realiza dia D de vacina\u00e7\u00e3o neste s\u00e1bado (29)"},"content":{"rendered":"<!-- id:5755 -->\n\n<div class=\"wp-block-image\">\n<figure class=\"aligncenter\">\n<img decoding=\"async\" src=\"https:\/\/cajamar.sp.gov.br\/wp-content\/uploads\/arquivo\/img5755a.jpg\" \/>\n\n<\/figure>\n<\/div>\n\n\nPor recomenda\u00e7\u00e3o do Governo do Estado, o munic\u00edpio de Cajamar realiza neste s\u00e1bado (29), o Dia &#8220;D&#8221; da vacina\u00e7\u00e3o contra a febre amarela. Estar\u00e3o abertas para vacina\u00e7\u00e3o a UBS de Jordan\u00e9sia e UBS do Polvilho entre \u00e0s 8h e 17h.<br><br>A Secretaria de Sa\u00fade solicita que os moradores que forem se imunizar levem a carteira de vacina\u00e7\u00e3o, para que possam tamb\u00e9m verificar se as demais vacinas est\u00e3o em dia. Al\u00e9m das imuniza\u00e7\u00f5es de Febre Amarela, estar\u00e3o dispon\u00edveis as de Sarampo\/Caxumba\/Rub\u00e9ola e HPV. <br><br>Recomenda\u00e7\u00f5es:<br><br>&#8211; FEBRE AMARELA &#8211; Destinada aos mun\u00edcipes que ainda n\u00e3o tomaram a dose.<br><br>*Devem consultar o m\u00e9dico sobre a necessidade da vacina os portadores de HIV positivo, pacientes com tratamento quimioter\u00e1picos conclu\u00eddos e transplantados. N\u00e3o h\u00e1 indica\u00e7\u00e3o de imuniza\u00e7\u00e3o para gr\u00e1vidas, mulheres amamentando crian\u00e7as com at\u00e9 6 meses e imunossuprimidos, como pacientes em tratamento quimioter\u00e1pico, radioter\u00e1pico ou com corticoides em doses elevadas (como por exemplo L\u00fapus e Artrite Reumatoide). Em caso de d\u00favida, \u00e9 fundamental consultar o m\u00e9dico.<br><br>&#8211; SARAMPO \/CAXUMBA\/RUB\u00c9OLA &#8211; Tamb\u00e9m estar\u00e3o dispon\u00edveis aos mun\u00edcipes que necessitem complementar sua caderneta. A vacina \u00e9 contra indicada para gestantes e indiv\u00edduos imunossuprimidos.<br><br>&#8211; HPV \u2013 destinada a meninas com idade entre 9 e 14 anos e meninos de 11 a 14 anos que ainda n\u00e3o tomaram a vacina ou est\u00e3o com a segunda dose em atraso.<br><br>Servi\u00e7o<br>Dia D de vacina\u00e7\u00e3o contra Febre Amarela, Sarampo\/Caxumba\/Rub\u00e9ola e HPV<br>Hor\u00e1rio \u2013 das 08h \u00e0s 17h<br>Locais:<br>&#8212; UBS DE JORDAN\u00c9SIA &#8211; Av. Antonio Candido Machado, 1607 \u2013 Jordan\u00e9sia<br>&#8212; UBS DO POLVILHO \u2013 Rua Timburi, 01 \u2013 Polvilho\n\n<!-- galeria:5755 -->","protected":false},"excerpt":{"rendered":"<p>A orienta\u00e7\u00e3o \u00e9 que todos levem a caderneta de vacina\u00e7\u00e3o para verificar se as vacinas est\u00e3o em dia. Estar\u00e3o dispon\u00edveis tamb\u00e9m as vacinas de Sarampo\/Caxumba\/Rub\u00e9ola e HPV.<\/p>\n","protected":false},"author":5,"featured_media":0,"comment_status":"open","ping_status":"open","sticky":false,"template":"","format":"standard","meta":{"footnotes":""},"categories":[2],"tags":[],"posicao":[],"class_list":["post-12940","post","type-post","status-publish","format-standard","hentry","category-saude"],"_links":{"self":[{"href":"https:\/\/cajamar.sp.gov.br\/noticias\/wp-json\/wp\/v2\/posts\/12940","targetHints":{"allow":["GET"]}}],"collection":[{"href":"https:\/\/cajamar.sp.gov.br\/noticias\/wp-json\/wp\/v2\/posts"}],"about":[{"href":"https:\/\/cajamar.sp.gov.br\/noticias\/wp-json\/wp\/v2\/types\/post"}],"author":[{"embeddable":true,"href":"https:\/\/cajamar.sp.gov.br\/noticias\/wp-json\/wp\/v2\/users\/5"}],"replies":[{"embeddable":true,"href":"https:\/\/cajamar.sp.gov.br\/noticias\/wp-json\/wp\/v2\/comments?post=12940"}],"version-history":[{"count":0,"href":"https:\/\/cajamar.sp.gov.br\/noticias\/wp-json\/wp\/v2\/posts\/12940\/revisions"}],"wp:attachment":[{"href":"https:\/\/cajamar.sp.gov.br\/noticias\/wp-json\/wp\/v2\/media?parent=12940"}],"wp:term":[{"taxonomy":"category","embeddable":true,"href":"https:\/\/cajamar.sp.gov.br\/noticias\/wp-json\/wp\/v2\/categories?post=12940"},{"taxonomy":"post_tag","embeddable":true,"href":"https:\/\/cajamar.sp.gov.br\/noticias\/wp-json\/wp\/v2\/tags?post=12940"},{"taxonomy":"posicao","embeddable":true,"href":"https:\/\/cajamar.sp.gov.br\/noticias\/wp-json\/wp\/v2\/posicao?post=12940"}],"curies":[{"name":"wp","href":"https:\/\/api.w.org\/{rel}","templated":true}]}}