{"id":12951,"date":"2019-07-05T16:12:43","date_gmt":"2019-07-05T19:12:43","guid":{"rendered":"http:\/\/wphomologa.cijun.sp.gov.br\/STIMPREN\/?p=12951"},"modified":"2019-07-05T16:12:43","modified_gmt":"2019-07-05T19:12:43","slug":"administracao-da-inicio-a-criacao-da-escola-de-governo","status":"publish","type":"post","link":"https:\/\/cajamar.sp.gov.br\/noticias\/2019\/07\/05\/administracao-da-inicio-a-criacao-da-escola-de-governo\/","title":{"rendered":"Administra\u00e7\u00e3o d\u00e1 in\u00edcio \u00e0 cria\u00e7\u00e3o da Escola de Governo"},"content":{"rendered":"<!-- id:5773 -->\n\n<div class=\"wp-block-image\">\n<figure class=\"aligncenter\">\n<img decoding=\"async\" src=\"https:\/\/cajamar.sp.gov.br\/wp-content\/uploads\/arquivo\/img5773a.jpg\" \/>\n\n<\/figure>\n<\/div>\n\n\nO Prefeito Danilo Joan solicitou na manh\u00e3 da \u00faltima quinta-feira (4), o in\u00edcio dos trabalhos para a cria\u00e7\u00e3o do projeto da Escola de Governo Municipal, que ser\u00e1 voltada aos servidores da Prefeitura e da C\u00e2mara Municipal, possibilitando que os funcion\u00e1rios se especializem, aprimorando os atendimentos aos mun\u00edcipes.<br><br>As primeiras tratativas referentes ao tema j\u00e1 foram tomadas pela pasta de Administra\u00e7\u00e3o. O projeto \u00e9 voltado \u00e0 educa\u00e7\u00e3o estrat\u00e9gica dos quadros p\u00fablicos do munic\u00edpio para incorporar, integrar e articular as a\u00e7\u00f5es das diversas Secretarias Municipais.<br><br>Na oportunidade, o prefeito determinou que os primeiros estudos, incluindo diagn\u00f3stico para desenvolvimento de compet\u00eancias essenciais da gest\u00e3o p\u00fablica, alinhada \u00e0 agenda estrat\u00e9gica do Governo Municipal, sejam realizados pela secretaria no processo de cria\u00e7\u00e3o da escola. \u201cH\u00e1 anos se discute esse assunto em Cajamar e h\u00e1 vinte dias, come\u00e7amos a ouvir a opini\u00e3o dos servidores p\u00fablicos da cidade. Hoje, estou autorizando a realiza\u00e7\u00e3o dos primeiros passos para implantarmos, de fato, a Escola de Governo\u201d &#8211; informou Danilo Joan.<br><br>&#8220;Atualmente s\u00e3o poucos os servidores p\u00fablicos que recebem a capacita\u00e7\u00e3o para o exerc\u00edcio das fun\u00e7\u00f5es laborais. Com a cria\u00e7\u00e3o da Escola de Governo Municipal de Cajamar, o processo de capacita\u00e7\u00e3o ser\u00e1 feito pela municipalidade, possibilitando que os funcion\u00e1rios, por exemplo, desenvolvam as compet\u00eancias essenciais \u00e0 gest\u00e3o p\u00fablica&#8221;, disse o Secret\u00e1rio de Administra\u00e7\u00e3o, Jos\u00e9 Agnaldo Beghini de Carvalho.\n\n<!-- galeria:5773 -->","protected":false},"excerpt":{"rendered":"<p>O projeto ser\u00e1 voltado aos servidores da Prefeitura e da C\u00e2mara Municipal, possibilitando que os funcion\u00e1rios se especializem, aprimorando os atendimentos aos mun\u00edcipes.<\/p>\n","protected":false},"author":5,"featured_media":0,"comment_status":"open","ping_status":"open","sticky":false,"template":"","format":"standard","meta":{"footnotes":""},"categories":[1],"tags":[],"posicao":[],"class_list":["post-12951","post","type-post","status-publish","format-standard","hentry","category-noticias"],"_links":{"self":[{"href":"https:\/\/cajamar.sp.gov.br\/noticias\/wp-json\/wp\/v2\/posts\/12951","targetHints":{"allow":["GET"]}}],"collection":[{"href":"https:\/\/cajamar.sp.gov.br\/noticias\/wp-json\/wp\/v2\/posts"}],"about":[{"href":"https:\/\/cajamar.sp.gov.br\/noticias\/wp-json\/wp\/v2\/types\/post"}],"author":[{"embeddable":true,"href":"https:\/\/cajamar.sp.gov.br\/noticias\/wp-json\/wp\/v2\/users\/5"}],"replies":[{"embeddable":true,"href":"https:\/\/cajamar.sp.gov.br\/noticias\/wp-json\/wp\/v2\/comments?post=12951"}],"version-history":[{"count":0,"href":"https:\/\/cajamar.sp.gov.br\/noticias\/wp-json\/wp\/v2\/posts\/12951\/revisions"}],"wp:attachment":[{"href":"https:\/\/cajamar.sp.gov.br\/noticias\/wp-json\/wp\/v2\/media?parent=12951"}],"wp:term":[{"taxonomy":"category","embeddable":true,"href":"https:\/\/cajamar.sp.gov.br\/noticias\/wp-json\/wp\/v2\/categories?post=12951"},{"taxonomy":"post_tag","embeddable":true,"href":"https:\/\/cajamar.sp.gov.br\/noticias\/wp-json\/wp\/v2\/tags?post=12951"},{"taxonomy":"posicao","embeddable":true,"href":"https:\/\/cajamar.sp.gov.br\/noticias\/wp-json\/wp\/v2\/posicao?post=12951"}],"curies":[{"name":"wp","href":"https:\/\/api.w.org\/{rel}","templated":true}]}}