{"id":12955,"date":"2019-07-04T16:31:37","date_gmt":"2019-07-04T19:31:37","guid":{"rendered":"http:\/\/wphomologa.cijun.sp.gov.br\/STIMPREN\/?p=12955"},"modified":"2019-07-04T16:31:37","modified_gmt":"2019-07-04T19:31:37","slug":"desenvolvimento-social-e-bravo-juvenil-realizam-atividade-socioeducativa","status":"publish","type":"post","link":"https:\/\/cajamar.sp.gov.br\/noticias\/2019\/07\/04\/desenvolvimento-social-e-bravo-juvenil-realizam-atividade-socioeducativa\/","title":{"rendered":"Desenvolvimento Social e Bravo Juvenil realizam atividade socioeducativa"},"content":{"rendered":"<!-- id:5771 -->\n\n<div class=\"wp-block-image\">\n<figure class=\"aligncenter\">\n<img decoding=\"async\" src=\"https:\/\/cajamar.sp.gov.br\/wp-content\/uploads\/arquivo\/img5771a.jpg\" \/>\n\n<\/figure>\n<\/div>\n\n\nAconteceu no CREAS, nesta ter\u00e7a-feira (4), a oficina socioeducativa ministrada pelo Projeto Bravo Juvenil de Cajamar com participa\u00e7\u00e3o efetiva da equipe do Servi\u00e7o.  <br><br>A atividade foi ofertada para adolescentes e fam\u00edlias acompanhadas pelo servi\u00e7o, com o objetivo de sensibilizar os participantes para no\u00e7\u00f5es b\u00e1sicas de primeiros socorros, princ\u00edpio de combate a inc\u00eandio e minimiza\u00e7\u00e3o de situa\u00e7\u00f5es de bullying.<br><br>O Projeto, com sede no munic\u00edpio, aborda ainda temas referentes \u00e0 disciplina, amor ao pr\u00f3ximo, trabalho volunt\u00e1rio, educa\u00e7\u00e3o e respeito.<br><br>Os adolescentes presentes se identificaram com as no\u00e7\u00f5es de primeiros socorros, uma vez que o tema se desenrolou atrav\u00e9s de atividades pr\u00e1ticas e interativas. J\u00e1 as mulheres se interessaram pelo aspecto comportamental e de relacionamentos familiares, com participa\u00e7\u00e3o ativa do grupo.   <br><br>No final da atividade, o Sr. Eder, Bombeiro Civil e representante do Projeto, convidou os presentes para participarem das atividades de maneira cont\u00ednua e ainda agradeceu a oportunidade em repassar os conhecimentos acumulados no seu cotidiano profissional.\n\n<!-- galeria:5771 -->","protected":false},"excerpt":{"rendered":"<p>Atividades acontecem no CREAS em uma parceria entre a Secretaria de Desenvolvimento Social e Projeto Bravo Juvenil<\/p>\n","protected":false},"author":5,"featured_media":0,"comment_status":"open","ping_status":"open","sticky":false,"template":"","format":"standard","meta":{"footnotes":""},"categories":[4],"tags":[],"posicao":[],"class_list":["post-12955","post","type-post","status-publish","format-standard","hentry","category-social"],"_links":{"self":[{"href":"https:\/\/cajamar.sp.gov.br\/noticias\/wp-json\/wp\/v2\/posts\/12955","targetHints":{"allow":["GET"]}}],"collection":[{"href":"https:\/\/cajamar.sp.gov.br\/noticias\/wp-json\/wp\/v2\/posts"}],"about":[{"href":"https:\/\/cajamar.sp.gov.br\/noticias\/wp-json\/wp\/v2\/types\/post"}],"author":[{"embeddable":true,"href":"https:\/\/cajamar.sp.gov.br\/noticias\/wp-json\/wp\/v2\/users\/5"}],"replies":[{"embeddable":true,"href":"https:\/\/cajamar.sp.gov.br\/noticias\/wp-json\/wp\/v2\/comments?post=12955"}],"version-history":[{"count":0,"href":"https:\/\/cajamar.sp.gov.br\/noticias\/wp-json\/wp\/v2\/posts\/12955\/revisions"}],"wp:attachment":[{"href":"https:\/\/cajamar.sp.gov.br\/noticias\/wp-json\/wp\/v2\/media?parent=12955"}],"wp:term":[{"taxonomy":"category","embeddable":true,"href":"https:\/\/cajamar.sp.gov.br\/noticias\/wp-json\/wp\/v2\/categories?post=12955"},{"taxonomy":"post_tag","embeddable":true,"href":"https:\/\/cajamar.sp.gov.br\/noticias\/wp-json\/wp\/v2\/tags?post=12955"},{"taxonomy":"posicao","embeddable":true,"href":"https:\/\/cajamar.sp.gov.br\/noticias\/wp-json\/wp\/v2\/posicao?post=12955"}],"curies":[{"name":"wp","href":"https:\/\/api.w.org\/{rel}","templated":true}]}}