{"id":12971,"date":"2019-07-12T11:40:36","date_gmt":"2019-07-12T14:40:36","guid":{"rendered":"http:\/\/wphomologa.cijun.sp.gov.br\/STIMPREN\/?p=12971"},"modified":"2019-07-12T11:40:36","modified_gmt":"2019-07-12T14:40:36","slug":"cruzamento-da-gilberto-de-carvalho-com-av-tenente-marques-ganha-semaforo","status":"publish","type":"post","link":"https:\/\/cajamar.sp.gov.br\/noticias\/2019\/07\/12\/cruzamento-da-gilberto-de-carvalho-com-av-tenente-marques-ganha-semaforo\/","title":{"rendered":"Cruzamento da Gilberto de Carvalho com Av. Tenente Marques ganha sem\u00e1foro"},"content":{"rendered":"<!-- id:5790 -->\n\n<div class=\"wp-block-image\">\n<figure class=\"aligncenter\">\n<img decoding=\"async\" src=\"https:\/\/cajamar.sp.gov.br\/wp-content\/uploads\/arquivo\/img5790a.jpg\" \/>\n\n<\/figure>\n<\/div>\n\n\nA Prefeitura de Cajamar por meio da Secretaria Municipal de Mobilidade e Desenvolvimento Urbano e Diretoria de Tr\u00e2nsito e Transportes, est\u00e1 implantando nesta semana um sem\u00e1foro no cruzamento entre a Avenida Tenente Marques e a Rua Gilberto de Carvalho. <br><br>A a\u00e7\u00e3o tem como objetivo proporcionar maior fluidez no tr\u00e2nsito da regi\u00e3o, uma vez que o motorista que est\u00e1 na Rua Gilberto de Carvalho e desejar seguir em dire\u00e7\u00e3o ao Portal dos Ip\u00eas, n\u00e3o precisar\u00e1 mais fazer o retorno em frente a EMEB Karine, podendo seguir direto pela avenida, ap\u00f3s abertura do sem\u00e1foro. <br><br>\u201cA implanta\u00e7\u00e3o do novo sem\u00e1foro \u00e9 fruto de um estudo que realizamos na regi\u00e3o que garantir\u00e1 maior fluidez e seguran\u00e7a vi\u00e1ria. Outras interven\u00e7\u00f5es e a\u00e7\u00f5es devem ser realizadas em outras regi\u00f5es do munic\u00edpio\u201d \u2013 informou Keila Fernanda, Diretora de Tr\u00e2nsito e Transportes. <br><br>O projeto faz parte da nova sinaliza\u00e7\u00e3o vi\u00e1ria que est\u00e1 implantada pela nova administra\u00e7\u00e3o em todo munic\u00edpio.\n\n<!-- galeria:5790 -->\n\n<ul class=\"wp-block-gallery columns-2 is-cropped wp-block-gallery-1 is-layout-flex wp-block-gallery-is-layout-flex\">\n\n<li class=\"blocks-gallery-item\">\n\n<figure>\n\n<img decoding=\"async\" src=\"https:\/\/cajamar.sp.gov.br\/wp-content\/uploads\/arquivo\/img5790b.jpg\" \/>\n\n<figcaption><\/figcaption>\n\n<\/figure>\n\n<\/li>\n\n\n\n<li class=\"blocks-gallery-item\">\n\n<figure>\n\n<img decoding=\"async\" src=\"https:\/\/cajamar.sp.gov.br\/wp-content\/uploads\/arquivo\/img5790c.jpg\" \/>\n\n<figcaption><\/figcaption>\n\n<\/figure>\n\n<\/li>\n\n\n\n<\/ul>\n\n\n","protected":false},"excerpt":{"rendered":"<p>A\u00e7\u00e3o tem como objetivo proporcionar maior fluidez no tr\u00e2nsito<\/p>\n","protected":false},"author":5,"featured_media":0,"comment_status":"open","ping_status":"open","sticky":false,"template":"","format":"standard","meta":{"footnotes":""},"categories":[19],"tags":[],"posicao":[],"class_list":["post-12971","post","type-post","status-publish","format-standard","hentry","category-mobilidade"],"_links":{"self":[{"href":"https:\/\/cajamar.sp.gov.br\/noticias\/wp-json\/wp\/v2\/posts\/12971","targetHints":{"allow":["GET"]}}],"collection":[{"href":"https:\/\/cajamar.sp.gov.br\/noticias\/wp-json\/wp\/v2\/posts"}],"about":[{"href":"https:\/\/cajamar.sp.gov.br\/noticias\/wp-json\/wp\/v2\/types\/post"}],"author":[{"embeddable":true,"href":"https:\/\/cajamar.sp.gov.br\/noticias\/wp-json\/wp\/v2\/users\/5"}],"replies":[{"embeddable":true,"href":"https:\/\/cajamar.sp.gov.br\/noticias\/wp-json\/wp\/v2\/comments?post=12971"}],"version-history":[{"count":0,"href":"https:\/\/cajamar.sp.gov.br\/noticias\/wp-json\/wp\/v2\/posts\/12971\/revisions"}],"wp:attachment":[{"href":"https:\/\/cajamar.sp.gov.br\/noticias\/wp-json\/wp\/v2\/media?parent=12971"}],"wp:term":[{"taxonomy":"category","embeddable":true,"href":"https:\/\/cajamar.sp.gov.br\/noticias\/wp-json\/wp\/v2\/categories?post=12971"},{"taxonomy":"post_tag","embeddable":true,"href":"https:\/\/cajamar.sp.gov.br\/noticias\/wp-json\/wp\/v2\/tags?post=12971"},{"taxonomy":"posicao","embeddable":true,"href":"https:\/\/cajamar.sp.gov.br\/noticias\/wp-json\/wp\/v2\/posicao?post=12971"}],"curies":[{"name":"wp","href":"https:\/\/api.w.org\/{rel}","templated":true}]}}