{"id":12973,"date":"2019-07-15T15:01:21","date_gmt":"2019-07-15T18:01:21","guid":{"rendered":"http:\/\/wphomologa.cijun.sp.gov.br\/STIMPREN\/?p=12973"},"modified":"2019-07-15T15:01:21","modified_gmt":"2019-07-15T18:01:21","slug":"desenvolvimento-social-divulga-edital-de-chamamento-publico","status":"publish","type":"post","link":"https:\/\/cajamar.sp.gov.br\/noticias\/2019\/07\/15\/desenvolvimento-social-divulga-edital-de-chamamento-publico\/","title":{"rendered":"Desenvolvimento Social divulga Edital de Chamamento P\u00fablico"},"content":{"rendered":"<!-- id:5793 -->\n\n<div class=\"wp-block-image\">\n<figure class=\"aligncenter\">\n<img decoding=\"async\" src=\"https:\/\/cajamar.sp.gov.br\/wp-content\/uploads\/arquivo\/img5793a.jpg\" \/>\n\n<\/figure>\n<\/div>\n\n\nA Secretaria Municipal de Desenvolvimento Social informa que foi divulgado, no dia \u00faltimo dia 10 de julho, o EDITAL DE CHAMAMENTO P\u00daBLICO SMDS N\u00ba. 001\/2019, para a implanta\u00e7\u00e3o do Servi\u00e7o de Conviv\u00eancia e Fortalecimento de V\u00ednculos Familiares e Comunit\u00e1rios no Distrito de Jordan\u00e9sia, com recursos provenientes do Fundo Nacional de Assist\u00eancia Social \u2013 FNAS e Fundo Estadual de Assist\u00eancia Social \u2013 FEAS.<br><br>Este chamamento \u00e9 destinado \u00e0s organiza\u00e7\u00f5es da sociedade civil que atendam \u00e0s exig\u00eancias do edital e tenham interesse em participar do projeto. Para ter conhecimento dos requisitos necess\u00e1rios, os interessados dever\u00e3o acessar a \u00edntegra do instrumento no Di\u00e1rio Oficial do Munic\u00edpio de Cajamar. D\u00favidas e esclarecimentos acerca do edital poder\u00e3o ser encaminhadas para o e-mail juliana.social@cajamar.sp.gov.br.<br><br>A sess\u00e3o p\u00fablica para abertura dos envelopes e avalia\u00e7\u00e3o das propostas est\u00e1 marcada para o dia 13 de agosto de 2019, com in\u00edcio \u00e0s 09h, na Sede da Secretaria Municipal de Desenvolvimento Social, localizada na Avenida Antonieta Pasquarelli Penteado, n\u00ba 245, em Jordan\u00e9sia.<br><br>Sobre o SCFV<br><br>O Servi\u00e7o de Conviv\u00eancia e Fortalecimento de V\u00ednculos \u00e9 um projeto voltado para pessoas em situa\u00e7\u00e3o de vulnerabilidade social. Trata-se de um conjunto de servi\u00e7os realizados em grupos, de acordo com o seu ciclo de vida, que visa complementar o trabalho social com fam\u00edlias, prevenindo os participantes principalmente das situa\u00e7\u00f5es de risco. <br><br>A proposta \u00e9 fortalecer as rela\u00e7\u00f5es familiares e comunit\u00e1rias e promover a integra\u00e7\u00e3o e a troca de experi\u00eancias entre os participantes, valorizando o sentido de vida coletiva.\n\n<!-- galeria:5793 -->","protected":false},"excerpt":{"rendered":"<p>A a\u00e7\u00e3o beneficiar\u00e1 crian\u00e7as e adolescentes do distrito de Jordan\u00e9sia<\/p>\n","protected":false},"author":5,"featured_media":0,"comment_status":"open","ping_status":"open","sticky":false,"template":"","format":"standard","meta":{"footnotes":""},"categories":[4],"tags":[],"posicao":[],"class_list":["post-12973","post","type-post","status-publish","format-standard","hentry","category-social"],"_links":{"self":[{"href":"https:\/\/cajamar.sp.gov.br\/noticias\/wp-json\/wp\/v2\/posts\/12973","targetHints":{"allow":["GET"]}}],"collection":[{"href":"https:\/\/cajamar.sp.gov.br\/noticias\/wp-json\/wp\/v2\/posts"}],"about":[{"href":"https:\/\/cajamar.sp.gov.br\/noticias\/wp-json\/wp\/v2\/types\/post"}],"author":[{"embeddable":true,"href":"https:\/\/cajamar.sp.gov.br\/noticias\/wp-json\/wp\/v2\/users\/5"}],"replies":[{"embeddable":true,"href":"https:\/\/cajamar.sp.gov.br\/noticias\/wp-json\/wp\/v2\/comments?post=12973"}],"version-history":[{"count":0,"href":"https:\/\/cajamar.sp.gov.br\/noticias\/wp-json\/wp\/v2\/posts\/12973\/revisions"}],"wp:attachment":[{"href":"https:\/\/cajamar.sp.gov.br\/noticias\/wp-json\/wp\/v2\/media?parent=12973"}],"wp:term":[{"taxonomy":"category","embeddable":true,"href":"https:\/\/cajamar.sp.gov.br\/noticias\/wp-json\/wp\/v2\/categories?post=12973"},{"taxonomy":"post_tag","embeddable":true,"href":"https:\/\/cajamar.sp.gov.br\/noticias\/wp-json\/wp\/v2\/tags?post=12973"},{"taxonomy":"posicao","embeddable":true,"href":"https:\/\/cajamar.sp.gov.br\/noticias\/wp-json\/wp\/v2\/posicao?post=12973"}],"curies":[{"name":"wp","href":"https:\/\/api.w.org\/{rel}","templated":true}]}}