{"id":12979,"date":"2019-07-16T15:14:29","date_gmt":"2019-07-16T18:14:29","guid":{"rendered":"http:\/\/wphomologa.cijun.sp.gov.br\/STIMPREN\/?p=12979"},"modified":"2020-11-26T14:05:50","modified_gmt":"2020-11-26T17:05:50","slug":"prefeitura-inicia-regularizacao-no-bairro-jardim-primavera","status":"publish","type":"post","link":"https:\/\/cajamar.sp.gov.br\/noticias\/2019\/07\/16\/prefeitura-inicia-regularizacao-no-bairro-jardim-primavera\/","title":{"rendered":"Prefeitura inicia regulariza\u00e7\u00e3o no Bairro Jardim Primavera"},"content":{"rendered":"<p><!-- id:5799 --><\/p>\n\n\n<div class=\"wp-block-image\">\n<figure class=\"aligncenter\">\n<img decoding=\"async\" src=\"https:\/\/cajamar.sp.gov.br\/wp-content\/uploads\/arquivo\/img5799a.jpg\" \/>\n\n<\/figure>\n<\/div>\n\n\n<p>A Prefeitura de Cajamar, por meio da Secretaria Municipal de Mobilidade e Desenvolvimento Urbano, iniciou os trabalhos para a regulariza\u00e7\u00e3o do bairro Jardim Primavera, no Distrito do Polvilho. <\/p>\n<p>Os trabalhos fazem parte do Programa Casa Legal. Na fase atual, os moradores realizam o cadastro com a documenta\u00e7\u00e3o necess\u00e1ria que ser\u00e3o encaminhadas para Regulariza\u00e7\u00e3o Fundi\u00e1ria, no 2\u00ba Cart\u00f3rio de Registro de Im\u00f3veis de Jundia\u00ed, nos termos da Lei de Regulariza\u00e7\u00e3o Fundi\u00e1ria \u2014 Lei 13.465\/17.<\/p>\n<p>A matricula \u00e9 o documento definitivo, onde o morador passa a ser o dono de direito, tendo a formaliza\u00e7\u00e3o da posse do im\u00f3vel. O processo regulariza\u00e7\u00e3o fundi\u00e1ria beneficiar\u00e1 479 lotes no bairro. <\/p>\n<p>\u201cO Projeto Casa Legal \u00e9 uma das marcas do novo governo para a cidade, onde estamos atuando em 44 m\u00f3dulos, beneficiando diversas regi\u00f5es da cidade. No Jardim Primavera a previs\u00e3o \u00e9 de protocolarmos 479 matriculas at\u00e9 o dia 5 de agosto. Em todo o munic\u00edpio a nossa estimativa \u00e9 de realizarmos 1000 matriculas at\u00e9 o final do ano\u201d \u2013 informou o Secret\u00e1rio de Mobilidade e Desenvolvimento Urbano, Leandro Morette Arantes. <\/p>\n<p>\u201cEst\u00e1vamos aguardando uma posi\u00e7\u00e3o do novo Prefeito para que a regulariza\u00e7\u00e3o tivesse in\u00edcio. Estamos esperan\u00e7osos e se Deus quiser vai dar tudo certo\u201d \u2013 informou a moradora Maria Cristina Souza Ferreira. <\/p>\n<p>Os bairros que devem ser regularizados por meio do Projeto Casa Legal s\u00e3o: <\/p>\n<p>\u2022\tVila D.E.R em Jordan\u00e9sia<br>\u2022\tParque S\u00e3o Roberto II<br>\u2022\tVila Nova<br>\u2022\tJardim Primavera<br>\u2022\tPanorama I e II<br>\u2022\tVila Abra\u00e3o <br>\u2022\tVila das Am\u00e9ricas<br>\u2022\tVila Progresso <\/p>\n<p><!-- galeria:5799 --><\/p>\n\n\n<ul class=\"wp-block-gallery columns-2 is-cropped wp-block-gallery-1 is-layout-flex wp-block-gallery-is-layout-flex\">\n\n<li class=\"blocks-gallery-item\">\n\n<figure>\n\n<img decoding=\"async\" src=\"https:\/\/cajamar.sp.gov.br\/wp-content\/uploads\/arquivo\/img5799b.jpg\" \/>\n\n<figcaption><\/figcaption>\n\n<\/figure>\n\n<\/li>\n\n\n\n<li class=\"blocks-gallery-item\">\n\n<figure>\n\n<img decoding=\"async\" src=\"https:\/\/cajamar.sp.gov.br\/wp-content\/uploads\/arquivo\/img5799c.jpg\" \/>\n\n<figcaption><\/figcaption>\n\n<\/figure>\n\n<\/li>\n\n\n\n<\/ul>\n","protected":false},"excerpt":{"rendered":"<p>Ao todo ser\u00e3o 479 matriculas no bairro<\/p>\n","protected":false},"author":5,"featured_media":0,"comment_status":"open","ping_status":"open","sticky":false,"template":"","format":"standard","meta":{"footnotes":""},"categories":[59,22],"tags":[],"posicao":[],"class_list":["post-12979","post","type-post","status-publish","format-standard","hentry","category-casa-legal","category-desenvolvimento-urbano"],"_links":{"self":[{"href":"https:\/\/cajamar.sp.gov.br\/noticias\/wp-json\/wp\/v2\/posts\/12979","targetHints":{"allow":["GET"]}}],"collection":[{"href":"https:\/\/cajamar.sp.gov.br\/noticias\/wp-json\/wp\/v2\/posts"}],"about":[{"href":"https:\/\/cajamar.sp.gov.br\/noticias\/wp-json\/wp\/v2\/types\/post"}],"author":[{"embeddable":true,"href":"https:\/\/cajamar.sp.gov.br\/noticias\/wp-json\/wp\/v2\/users\/5"}],"replies":[{"embeddable":true,"href":"https:\/\/cajamar.sp.gov.br\/noticias\/wp-json\/wp\/v2\/comments?post=12979"}],"version-history":[{"count":1,"href":"https:\/\/cajamar.sp.gov.br\/noticias\/wp-json\/wp\/v2\/posts\/12979\/revisions"}],"predecessor-version":[{"id":24487,"href":"https:\/\/cajamar.sp.gov.br\/noticias\/wp-json\/wp\/v2\/posts\/12979\/revisions\/24487"}],"wp:attachment":[{"href":"https:\/\/cajamar.sp.gov.br\/noticias\/wp-json\/wp\/v2\/media?parent=12979"}],"wp:term":[{"taxonomy":"category","embeddable":true,"href":"https:\/\/cajamar.sp.gov.br\/noticias\/wp-json\/wp\/v2\/categories?post=12979"},{"taxonomy":"post_tag","embeddable":true,"href":"https:\/\/cajamar.sp.gov.br\/noticias\/wp-json\/wp\/v2\/tags?post=12979"},{"taxonomy":"posicao","embeddable":true,"href":"https:\/\/cajamar.sp.gov.br\/noticias\/wp-json\/wp\/v2\/posicao?post=12979"}],"curies":[{"name":"wp","href":"https:\/\/api.w.org\/{rel}","templated":true}]}}