{"id":13000,"date":"2019-07-23T09:22:04","date_gmt":"2019-07-23T12:22:04","guid":{"rendered":"http:\/\/wphomologa.cijun.sp.gov.br\/STIMPREN\/?p=13000"},"modified":"2019-07-23T09:22:04","modified_gmt":"2019-07-23T12:22:04","slug":"cta-oferece-testes-rapidos-de-hepatite","status":"publish","type":"post","link":"https:\/\/cajamar.sp.gov.br\/noticias\/2019\/07\/23\/cta-oferece-testes-rapidos-de-hepatite\/","title":{"rendered":"CTA oferece testes r\u00e1pidos de hepatite"},"content":{"rendered":"<!-- id:5825 -->\n\n<div class=\"wp-block-image\">\n<figure class=\"aligncenter\">\n<img decoding=\"async\" src=\"https:\/\/cajamar.sp.gov.br\/wp-content\/uploads\/arquivo\/img5825a.jpg\" \/>\n\n<\/figure>\n<\/div>\n\n\nDesde a \u00faltima ter\u00e7a-feira (16) a Secretaria de Sa\u00fade de Cajamar, por meio do Centro de Testagem e Aconselhamento v\u00eam realizando testes r\u00e1pidos pela cidade para detec\u00e7\u00e3o de Hepatite B e C. O mutir\u00e3o j\u00e1 percorreu alguns pontos da cidade e atendeu diversos moradores. Os exames s\u00e3o gratuitos e fazem parte da campanha Julho Amarelo.<br><br>Na pr\u00f3xima quinta-feira (25) a Unidade de Sa\u00fade da Fam\u00edlia em Cajamar-Centro estar\u00e1 recebendo a\u00e7\u00e3o das 09 \u00e0s 16h.  No dia 27 a equipe do Centro de Testagem e Aconselhamento estar\u00e1 na Pra\u00e7a da B\u00edblia (em frente ao Gin\u00e1sio do Polvilho), das 09h \u00e0s 16h. <br><br>Al\u00e9m desta programa\u00e7\u00e3o, o Centro de Testagem e Aconselhamento, com sede na Rua Pedro Binatto, 178 em Jordan\u00e9sia, mantem atendimento ao p\u00fablico de segunda \u00e0 sexta-feira das 08h \u00e0s 16h. Maiores informa\u00e7\u00f5es poder\u00e3o ser obtidas atrav\u00e9s do telefone: 4498-0001<br><br>Julho Amarelo <br><br>Este m\u00eas foi adotado pelo Minist\u00e9rio da Sa\u00fade e pelo Comit\u00ea Estadual de Hepatites Virais como o m\u00eas de luta e preven\u00e7\u00e3o destes tipos de doen\u00e7as. De acordo com o Minist\u00e9rio da Sa\u00fade, tr\u00eas milh\u00f5es de brasileiros est\u00e3o infectados pela Hepatite C, mas n\u00e3o sabem que t\u00eam o v\u00edrus.<br><br>Servi\u00e7o<br><br>Dia: 25 de julho (quinta-feira)<br>Local: PSF \u2013 Cajamar-Centro<br>Hor\u00e1rio: Das 09h \u00e0s 16h<br><br>Dia: 27 de julho (s\u00e1bado)<br>Local: Pra\u00e7a da B\u00edblia (Em frente ao Gin\u00e1sio do Polvilho)<br>Hor\u00e1rio: Das 09h \u00e0s 16h\n\n<!-- galeria:5825 -->","protected":false},"excerpt":{"rendered":"<p>Na pr\u00f3xima quinta-feira (25) a Unidade de Sa\u00fade da Fam\u00edlia em Cajamar-Centro estar\u00e1 recebendo a\u00e7\u00e3o das 09 \u00e0s 13h.<\/p>\n","protected":false},"author":5,"featured_media":0,"comment_status":"open","ping_status":"open","sticky":false,"template":"","format":"standard","meta":{"footnotes":""},"categories":[2],"tags":[],"posicao":[],"class_list":["post-13000","post","type-post","status-publish","format-standard","hentry","category-saude"],"_links":{"self":[{"href":"https:\/\/cajamar.sp.gov.br\/noticias\/wp-json\/wp\/v2\/posts\/13000","targetHints":{"allow":["GET"]}}],"collection":[{"href":"https:\/\/cajamar.sp.gov.br\/noticias\/wp-json\/wp\/v2\/posts"}],"about":[{"href":"https:\/\/cajamar.sp.gov.br\/noticias\/wp-json\/wp\/v2\/types\/post"}],"author":[{"embeddable":true,"href":"https:\/\/cajamar.sp.gov.br\/noticias\/wp-json\/wp\/v2\/users\/5"}],"replies":[{"embeddable":true,"href":"https:\/\/cajamar.sp.gov.br\/noticias\/wp-json\/wp\/v2\/comments?post=13000"}],"version-history":[{"count":0,"href":"https:\/\/cajamar.sp.gov.br\/noticias\/wp-json\/wp\/v2\/posts\/13000\/revisions"}],"wp:attachment":[{"href":"https:\/\/cajamar.sp.gov.br\/noticias\/wp-json\/wp\/v2\/media?parent=13000"}],"wp:term":[{"taxonomy":"category","embeddable":true,"href":"https:\/\/cajamar.sp.gov.br\/noticias\/wp-json\/wp\/v2\/categories?post=13000"},{"taxonomy":"post_tag","embeddable":true,"href":"https:\/\/cajamar.sp.gov.br\/noticias\/wp-json\/wp\/v2\/tags?post=13000"},{"taxonomy":"posicao","embeddable":true,"href":"https:\/\/cajamar.sp.gov.br\/noticias\/wp-json\/wp\/v2\/posicao?post=13000"}],"curies":[{"name":"wp","href":"https:\/\/api.w.org\/{rel}","templated":true}]}}