{"id":13001,"date":"2019-07-23T13:42:03","date_gmt":"2019-07-23T16:42:03","guid":{"rendered":"http:\/\/wphomologa.cijun.sp.gov.br\/STIMPREN\/?p=13001"},"modified":"2019-07-23T13:42:03","modified_gmt":"2019-07-23T16:42:03","slug":"cras-polvilho-realiza-grupo-de-acolhida-com-municipes","status":"publish","type":"post","link":"https:\/\/cajamar.sp.gov.br\/noticias\/2019\/07\/23\/cras-polvilho-realiza-grupo-de-acolhida-com-municipes\/","title":{"rendered":"CRAS Polvilho realiza grupo de acolhida com mun\u00edcipes"},"content":{"rendered":"<!-- id:5826 -->\n\n<div class=\"wp-block-image\">\n<figure class=\"aligncenter\">\n<img decoding=\"async\" src=\"https:\/\/cajamar.sp.gov.br\/wp-content\/uploads\/arquivo\/img5826a.jpg\" \/>\n\n<\/figure>\n<\/div>\n\n\nA reuni\u00e3o de acolhida \u00e9 realizada todas \u00e0s segundas e quintas-feiras nos per\u00edodos matutino e vespertino, sendo destinada \u00e0s pessoas que procuram o CRAS por demanda espont\u00e2nea, geralmente pela primeira vez. Durante o encontro, os participantes s\u00e3o informados sobre o modo de funcionamento da Assist\u00eancia Social e atua\u00e7\u00e3o do CRAS. <br><br>Vale destacar ainda, que os mun\u00edcipes que participam da referida reuni\u00e3o recebem informa\u00e7\u00f5es sobre benef\u00edcios, servi\u00e7os, programas e projetos que poder\u00e3o ser acessados por meio de inscri\u00e7\u00e3o no Cadastro \u00danico como: Programa Bolsa Fam\u00edlia, Programa Renda Cidad\u00e3, Programa A\u00e7\u00e3o jovem, Programa Viva Leite, Identidade Jovem, Benef\u00edcio de Presta\u00e7\u00e3o Continuada &#8211; BPC, Tarifa Social de Energia El\u00e9trica, Isen\u00e7\u00e3o de Taxa de Inscri\u00e7\u00e3o em Concursos P\u00fablicos, entre outros.<br><br>Para o Secret\u00e1rio da pasta, Sr. Niedson Silva de Souza Filho, essa a\u00e7\u00e3o contribui para a seguran\u00e7a de acolhida preconizada na Tipifica\u00e7\u00e3o dos Servi\u00e7os Socioassistenciais, uma vez que possibilita aos mun\u00edcipes receberem orienta\u00e7\u00f5es e encaminhamentos, com o objetivo de aumentar o acesso a benef\u00edcios socioassistenciais e programas de transfer\u00eancia de renda, bem como aos demais direitos sociais.<br>\n\n<!-- galeria:5826 -->","protected":false},"excerpt":{"rendered":"<p>Grupos s\u00e3o realizados com pessoas que procuram pela primeira vez o servi\u00e7o da assist\u00eancia social<\/p>\n","protected":false},"author":5,"featured_media":0,"comment_status":"open","ping_status":"open","sticky":false,"template":"","format":"standard","meta":{"footnotes":""},"categories":[4],"tags":[],"posicao":[],"class_list":["post-13001","post","type-post","status-publish","format-standard","hentry","category-social"],"_links":{"self":[{"href":"https:\/\/cajamar.sp.gov.br\/noticias\/wp-json\/wp\/v2\/posts\/13001","targetHints":{"allow":["GET"]}}],"collection":[{"href":"https:\/\/cajamar.sp.gov.br\/noticias\/wp-json\/wp\/v2\/posts"}],"about":[{"href":"https:\/\/cajamar.sp.gov.br\/noticias\/wp-json\/wp\/v2\/types\/post"}],"author":[{"embeddable":true,"href":"https:\/\/cajamar.sp.gov.br\/noticias\/wp-json\/wp\/v2\/users\/5"}],"replies":[{"embeddable":true,"href":"https:\/\/cajamar.sp.gov.br\/noticias\/wp-json\/wp\/v2\/comments?post=13001"}],"version-history":[{"count":0,"href":"https:\/\/cajamar.sp.gov.br\/noticias\/wp-json\/wp\/v2\/posts\/13001\/revisions"}],"wp:attachment":[{"href":"https:\/\/cajamar.sp.gov.br\/noticias\/wp-json\/wp\/v2\/media?parent=13001"}],"wp:term":[{"taxonomy":"category","embeddable":true,"href":"https:\/\/cajamar.sp.gov.br\/noticias\/wp-json\/wp\/v2\/categories?post=13001"},{"taxonomy":"post_tag","embeddable":true,"href":"https:\/\/cajamar.sp.gov.br\/noticias\/wp-json\/wp\/v2\/tags?post=13001"},{"taxonomy":"posicao","embeddable":true,"href":"https:\/\/cajamar.sp.gov.br\/noticias\/wp-json\/wp\/v2\/posicao?post=13001"}],"curies":[{"name":"wp","href":"https:\/\/api.w.org\/{rel}","templated":true}]}}