{"id":13007,"date":"2019-07-25T10:28:46","date_gmt":"2019-07-25T13:28:46","guid":{"rendered":"http:\/\/wphomologa.cijun.sp.gov.br\/STIMPREN\/?p=13007"},"modified":"2019-07-25T10:28:46","modified_gmt":"2019-07-25T13:28:46","slug":"portal-dos-ipes-ganha-feira-noturna","status":"publish","type":"post","link":"https:\/\/cajamar.sp.gov.br\/noticias\/2019\/07\/25\/portal-dos-ipes-ganha-feira-noturna\/","title":{"rendered":"Portal dos Ip\u00eas ganha feira noturna"},"content":{"rendered":"<!-- id:5833 -->\n\n<div class=\"wp-block-image\">\n<figure class=\"aligncenter\">\n<img decoding=\"async\" src=\"https:\/\/cajamar.sp.gov.br\/wp-content\/uploads\/arquivo\/img5833a.jpg\" \/>\n\n<\/figure>\n<\/div>\n\n\nAtendendo aos pedidos de moradores, a Prefeitura de Cajamar, por meio da Secretaria Municipal de Cultura, Esportes e Lazer, realizou na \u00faltima quarta-feira (24), a primeira feira noturna no bairro dos Portais, no Distrito do Polvilho. A feira ser\u00e1 permanente e acontecer\u00e1 todas as quartas-feiras, das 17h \u00e0s 22h, com barracas, abastecidas com diversos produtos, al\u00e9m de uma pra\u00e7a de alimenta\u00e7\u00e3o com o t\u00edpico pastel e caldo de cana, e diversidades de pescados, legumes, frutas, artesanatos, confec\u00e7\u00f5es e outros produtos tradicionais de feiras livres.<br><br>\u201cAgora, al\u00e9m da feira noturna que ocorre todas as sextas-feiras, no \u201cCampo do Doze\u201d, realizaremos a feira na Rua das Flores, todas as quartas, no Portal dos Ip\u00eas, proporcionando comodidade aos moradores do bairro, que agora podem obter seus alimentos praticamente na porta da casa\u201d \u2013 Informou o Secret\u00e1rio Adjunto, Amon Hebron. <br><br>Confira abaixo a rela\u00e7\u00e3o das feiras noturnas:<br><br>\u2022\tTer\u00e7a-feira \u2013 Jordan\u00e9sia \u2013 Pra\u00e7a Ana Maria Ar\u00f3 &#8211; 17h \u00e0s 22h;<br>\u2022\tQuarta-feira \u2013 Maria Lu\u00edza \u2013 Avenida Aruj\u00e1 &#8211; 17h \u00e0s 22h;<br>\u2022      Quarta-feira \u2013 Portais \u2013 Rua das Flores \u2013 17h \u00e2s 22h <br>\u2022\tQuinta-feira \u2013 Guaturinho \u2013 Rua Barretos \u2013 17h \u00e0s 22h;<br>\u2022\tSexta-feira &#8211; Polvilho &#8211; Est\u00e1dio Municipal Ant\u00f4nio Fachina &#8211; 17h \u00e0s 22h;<br>\u2022\tS\u00e1bado &#8211; Cajamar-Centro \u2013 Pra\u00e7a da Lavrinha &#8211; 17h \u00e0s 22h. <br><br>Feiras Livres<br><br>Tamb\u00e9m s\u00e3o realizadas as feiras livres das 7h \u00e0s 13h em Cajamar-Centro (quintas-feiras), Jordan\u00e9sia (S\u00e1bados) e Polvilho (Domingos). Confira os locais e hor\u00e1rios: <br><br>\u2022\tQuintas-feiras: Pra\u00e7a da Lavrinha, no Cajamar-Centro &#8211; 7h \u00e0s 13h;<br>\u2022\tS\u00e1bados: Pra\u00e7a Ana Maria Ar\u00f3 &#8211; 7h \u00e0s 13h;<br>\u2022\tDomingos: R. Flademir Roberto Lopes, 208 &#8211; 7h \u00e0s 13h.\n\n<!-- galeria:5833 -->\n\n<ul class=\"wp-block-gallery columns-2 is-cropped wp-block-gallery-1 is-layout-flex wp-block-gallery-is-layout-flex\">\n\n<li class=\"blocks-gallery-item\">\n\n<figure>\n\n<img decoding=\"async\" src=\"https:\/\/cajamar.sp.gov.br\/wp-content\/uploads\/arquivo\/img5833b.jpg\" \/>\n\n<figcaption><\/figcaption>\n\n<\/figure>\n\n<\/li>\n\n\n\n<li class=\"blocks-gallery-item\">\n\n<figure>\n\n<img decoding=\"async\" src=\"https:\/\/cajamar.sp.gov.br\/wp-content\/uploads\/arquivo\/img5833c.jpg\" \/>\n\n<figcaption><\/figcaption>\n\n<\/figure>\n\n<\/li>\n\n\n\n<\/ul>\n\n\n","protected":false},"excerpt":{"rendered":"<p>As feiras acontecem toda a semana em diversos bairros da cidade<\/p>\n","protected":false},"author":5,"featured_media":0,"comment_status":"open","ping_status":"open","sticky":false,"template":"","format":"standard","meta":{"footnotes":""},"categories":[5],"tags":[],"posicao":[],"class_list":["post-13007","post","type-post","status-publish","format-standard","hentry","category-esportes-e-lazer"],"_links":{"self":[{"href":"https:\/\/cajamar.sp.gov.br\/noticias\/wp-json\/wp\/v2\/posts\/13007","targetHints":{"allow":["GET"]}}],"collection":[{"href":"https:\/\/cajamar.sp.gov.br\/noticias\/wp-json\/wp\/v2\/posts"}],"about":[{"href":"https:\/\/cajamar.sp.gov.br\/noticias\/wp-json\/wp\/v2\/types\/post"}],"author":[{"embeddable":true,"href":"https:\/\/cajamar.sp.gov.br\/noticias\/wp-json\/wp\/v2\/users\/5"}],"replies":[{"embeddable":true,"href":"https:\/\/cajamar.sp.gov.br\/noticias\/wp-json\/wp\/v2\/comments?post=13007"}],"version-history":[{"count":0,"href":"https:\/\/cajamar.sp.gov.br\/noticias\/wp-json\/wp\/v2\/posts\/13007\/revisions"}],"wp:attachment":[{"href":"https:\/\/cajamar.sp.gov.br\/noticias\/wp-json\/wp\/v2\/media?parent=13007"}],"wp:term":[{"taxonomy":"category","embeddable":true,"href":"https:\/\/cajamar.sp.gov.br\/noticias\/wp-json\/wp\/v2\/categories?post=13007"},{"taxonomy":"post_tag","embeddable":true,"href":"https:\/\/cajamar.sp.gov.br\/noticias\/wp-json\/wp\/v2\/tags?post=13007"},{"taxonomy":"posicao","embeddable":true,"href":"https:\/\/cajamar.sp.gov.br\/noticias\/wp-json\/wp\/v2\/posicao?post=13007"}],"curies":[{"name":"wp","href":"https:\/\/api.w.org\/{rel}","templated":true}]}}