{"id":13033,"date":"2019-08-02T17:17:15","date_gmt":"2019-08-02T20:17:15","guid":{"rendered":"http:\/\/wphomologa.cijun.sp.gov.br\/STIMPREN\/?p=13033"},"modified":"2019-08-02T17:17:15","modified_gmt":"2019-08-02T20:17:15","slug":"fundo-social-presta-contas-dos-primeiros-100-dias-de-governo","status":"publish","type":"post","link":"https:\/\/cajamar.sp.gov.br\/noticias\/2019\/08\/02\/fundo-social-presta-contas-dos-primeiros-100-dias-de-governo\/","title":{"rendered":"Fundo Social presta contas dos primeiros 100 dias de governo"},"content":{"rendered":"<!-- id:5863 -->\n\n<div class=\"wp-block-image\">\n<figure class=\"aligncenter\">\n<img decoding=\"async\" src=\"https:\/\/cajamar.sp.gov.br\/wp-content\/uploads\/arquivo\/img5863a.jpg\" \/>\n\n<\/figure>\n<\/div>\n\n\nO Fundo Social de Solidariedade de Cajamar, por meio da presidente Nadja Haddad, presta contas das a\u00e7\u00f5es realizadas nos primeiros 100 dias do novo governo. <br><br>Tendo como objetivo principal desenvolver projetos sociais para melhorar a qualidade de vida da popula\u00e7\u00e3o cajamarense, o Fundo Social arrecadou durante os primeiros 100 dias de nova gest\u00e3o uma grande quantidade de alimentos, nos quais, foram distribu\u00eddos para diversas fam\u00edlias em situa\u00e7\u00e3o de vulnerabilidade social do munic\u00edpio.<br><br>Al\u00e9m das a\u00e7\u00f5es sociais e workshops profissionalizantes, o Fundo Social apresenta um breve relato sobre a doa\u00e7\u00e3o de alimentos arrecadados. Na Festa do Trabalhador, realizada no Dia do Trabalhador em 1\u00ba de Maio, foram doados cerca de seis toneladas de alimentos n\u00e3o perec\u00edveis. Das quais, foram montadas cestas que atenderam as seguintes fam\u00edlias:<br><br>Lago Azul \u2013 80 fam\u00edlias<br>Ponunduva \u2013 70 fam\u00edlias<br>S\u00e3o Benedito \u2013 70 fam\u00edlias<br>195 fam\u00edlias atendidas diretamente na sede do Fundo Social de maio a julho\/2019.<br>E mais 400 cestas b\u00e1sicas doadas para a Secretaria de Desenvolvimento Social.<br><br>Na 1\u00aa Festa Julina, em 06 de julho, arrecadamos meia tonelada de alimentos que beneficiaram as seguintes localidades: <br><br>Trevo do Guaturinho e Campos \u2013 60 fam\u00edlias<br>Polvilho \u2013 40 fam\u00edlias<br>Linha do Trem \u2013 30 fam\u00edlias, al\u00e9m de material de limpeza e cobertores, para os atingidos pela enchente do m\u00eas de junho.<br><br>J\u00e1 nossos workshops e oficinas gratuitas reuniram mais de 150 pessoas. Dentre elas: maquiagem, corte de cabelo e design de sobrancelha com apoio do Instituto Embelleze, Pizzas com apoio da Catupiry, Chocolateria com a Harald Chocolates, Tran\u00e7as e Turbantes Afro, Palestra para o p\u00fablico LGBT, panifica\u00e7\u00e3o, pintura e outros.<br><br>O Fundo Social destaca ainda o Varal Solid\u00e1rio, evento que disponibiliza roupas e cal\u00e7ados dando a oportunidade de escolha e autonomia para a popula\u00e7\u00e3o. Cada um pode escolher as pe\u00e7as de sua prefer\u00eancia. Durante esta a\u00e7\u00e3o s\u00e3o servidos caldos preparados pela equipe do Fundo Social.<br><br>Para o N\u00facleo do Idoso foi promovido a \u201cNoite Italiana\u201d em comemora\u00e7\u00e3o ao Dia das M\u00e3es e o Arrai\u00e1 da Mi\u00f3 Idade. E em agosto, um churrasco para homenagear o Dia dos Pais.<br><br>\u00c0 convite da Associa\u00e7\u00e3o de Moradores do S\u00e3o Benedito a equipe do Fundo Social participou da Festa Julina do bairro, com brincadeiras e gincanas por apenas 1 real.<br><br>Em junho, em parceria com a Secretaria do Meio Ambiente, foi organizado a &#8220;Oficina de Horta na garrafa pet&#8221;, uma sess\u00e3o de Ioga e o plantio de mudas de \u00e1rvores como ip\u00eas e quaresmeiras.<br><br>Tamb\u00e9m participaram do Encontro de Carros Rebaixados do Carrozzeria Club. Em contrapartida recebemos agasalhos doados pelos participantes.<br><br>At\u00e9 o fim do ano, o Fundo Social ter\u00e1 ainda mais a\u00e7\u00f5es planejadas.\n\n<!-- galeria:5863 -->\n\n<ul class=\"wp-block-gallery columns-2 is-cropped wp-block-gallery-1 is-layout-flex wp-block-gallery-is-layout-flex\">\n\n<li class=\"blocks-gallery-item\">\n\n<figure>\n\n<img decoding=\"async\" src=\"https:\/\/cajamar.sp.gov.br\/wp-content\/uploads\/arquivo\/img5863b.jpg\" \/>\n\n<figcaption>Equipe do Fundo Social de Solidariedade de Cajamar<\/figcaption>\n\n<\/figure>\n\n<\/li>\n\n\n\n<\/ul>\n\n\n","protected":false},"excerpt":{"rendered":"<p>Durante este per\u00edodo, diversas fam\u00edlias foram beneficiadas com as doa\u00e7\u00f5es<\/p>\n","protected":false},"author":5,"featured_media":0,"comment_status":"open","ping_status":"open","sticky":false,"template":"","format":"standard","meta":{"footnotes":""},"categories":[16],"tags":[],"posicao":[],"class_list":["post-13033","post","type-post","status-publish","format-standard","hentry","category-fundo-social-cajamar"],"_links":{"self":[{"href":"https:\/\/cajamar.sp.gov.br\/noticias\/wp-json\/wp\/v2\/posts\/13033","targetHints":{"allow":["GET"]}}],"collection":[{"href":"https:\/\/cajamar.sp.gov.br\/noticias\/wp-json\/wp\/v2\/posts"}],"about":[{"href":"https:\/\/cajamar.sp.gov.br\/noticias\/wp-json\/wp\/v2\/types\/post"}],"author":[{"embeddable":true,"href":"https:\/\/cajamar.sp.gov.br\/noticias\/wp-json\/wp\/v2\/users\/5"}],"replies":[{"embeddable":true,"href":"https:\/\/cajamar.sp.gov.br\/noticias\/wp-json\/wp\/v2\/comments?post=13033"}],"version-history":[{"count":0,"href":"https:\/\/cajamar.sp.gov.br\/noticias\/wp-json\/wp\/v2\/posts\/13033\/revisions"}],"wp:attachment":[{"href":"https:\/\/cajamar.sp.gov.br\/noticias\/wp-json\/wp\/v2\/media?parent=13033"}],"wp:term":[{"taxonomy":"category","embeddable":true,"href":"https:\/\/cajamar.sp.gov.br\/noticias\/wp-json\/wp\/v2\/categories?post=13033"},{"taxonomy":"post_tag","embeddable":true,"href":"https:\/\/cajamar.sp.gov.br\/noticias\/wp-json\/wp\/v2\/tags?post=13033"},{"taxonomy":"posicao","embeddable":true,"href":"https:\/\/cajamar.sp.gov.br\/noticias\/wp-json\/wp\/v2\/posicao?post=13033"}],"curies":[{"name":"wp","href":"https:\/\/api.w.org\/{rel}","templated":true}]}}