{"id":13035,"date":"2019-08-05T10:23:59","date_gmt":"2019-08-05T13:23:59","guid":{"rendered":"http:\/\/wphomologa.cijun.sp.gov.br\/STIMPREN\/?p=13035"},"modified":"2019-08-05T10:23:59","modified_gmt":"2019-08-05T13:23:59","slug":"equipe-do-desenvolvimento-social-participa-de-capacitacao","status":"publish","type":"post","link":"https:\/\/cajamar.sp.gov.br\/noticias\/2019\/08\/05\/equipe-do-desenvolvimento-social-participa-de-capacitacao\/","title":{"rendered":"Equipe do Desenvolvimento Social participa de Capacita\u00e7\u00e3o"},"content":{"rendered":"<!-- id:5865 -->\n\n<div class=\"wp-block-image\">\n<figure class=\"aligncenter\">\n<img decoding=\"async\" src=\"https:\/\/cajamar.sp.gov.br\/wp-content\/uploads\/arquivo\/img5865a.jpg\" \/>\n\n<\/figure>\n<\/div>\n\n\nNos dias 01 e 02 de agosto de 2019, a equipe da SMDS &#8211; Secretaria Municipal de Desenvolvimento Social participou da capacita\u00e7\u00e3o para implanta\u00e7\u00e3o da Vigil\u00e2ncia Socioassistencial no munic\u00edpio. O curso, que tem no total 16 horas de durabilidade, est\u00e1 sendo realizado por t\u00e9cnicos especialistas do SESI \u2013 Servi\u00e7o Social da Industria.<br> <br>O processo de implanta\u00e7\u00e3o da Vigil\u00e2ncia Socioassistencial em Cajamar tende a desenvolver capacidade e diferentes t\u00e9cnicas para que os profissionais que atuam diretamente nos servi\u00e7os possam detectar situa\u00e7\u00f5es de vulnerabilidade e risco que incidem sobre as fam\u00edlias e indiv\u00edduos.<br> <br>A partir de atividades pr\u00e1ticas, a equipe criou um mapa ilustrativo com a abrang\u00eancia dos servi\u00e7os socioassistenciais, assim como, refletiu quanto as estrat\u00e9gias para facilitar o acesso dos mun\u00edcipes que residem em territ\u00f3rios mais vulner\u00e1veis.<br> <br>O Secret\u00e1rio de Desenvolvimento Social, Niedson Silva de Souza Filho, reafirmou a prioridade da atual gest\u00e3o com a oferta de pol\u00edticas p\u00fablicas qualificadas e com olhar direcionado ao bem-estar integral da popula\u00e7\u00e3o.\n\n<!-- galeria:5865 -->\n\n<ul class=\"wp-block-gallery columns-2 is-cropped wp-block-gallery-1 is-layout-flex wp-block-gallery-is-layout-flex\">\n\n<li class=\"blocks-gallery-item\">\n\n<figure>\n\n<img decoding=\"async\" src=\"https:\/\/cajamar.sp.gov.br\/wp-content\/uploads\/arquivo\/img5865b.jpg\" \/>\n\n<figcaption><\/figcaption>\n\n<\/figure>\n\n<\/li>\n\n\n\n<li class=\"blocks-gallery-item\">\n\n<figure>\n\n<img decoding=\"async\" src=\"https:\/\/cajamar.sp.gov.br\/wp-content\/uploads\/arquivo\/img5865c.jpg\" \/>\n\n<figcaption><\/figcaption>\n\n<\/figure>\n\n<\/li>\n\n\n\n<\/ul>\n\n\n","protected":false},"excerpt":{"rendered":"<p>O curso faz parte do processo de implanta\u00e7\u00e3o da Vigil\u00e2ncia Socioassistencial no Munic\u00edpio de Cajamar<\/p>\n","protected":false},"author":5,"featured_media":0,"comment_status":"open","ping_status":"open","sticky":false,"template":"","format":"standard","meta":{"footnotes":""},"categories":[4],"tags":[],"posicao":[],"class_list":["post-13035","post","type-post","status-publish","format-standard","hentry","category-social"],"_links":{"self":[{"href":"https:\/\/cajamar.sp.gov.br\/noticias\/wp-json\/wp\/v2\/posts\/13035","targetHints":{"allow":["GET"]}}],"collection":[{"href":"https:\/\/cajamar.sp.gov.br\/noticias\/wp-json\/wp\/v2\/posts"}],"about":[{"href":"https:\/\/cajamar.sp.gov.br\/noticias\/wp-json\/wp\/v2\/types\/post"}],"author":[{"embeddable":true,"href":"https:\/\/cajamar.sp.gov.br\/noticias\/wp-json\/wp\/v2\/users\/5"}],"replies":[{"embeddable":true,"href":"https:\/\/cajamar.sp.gov.br\/noticias\/wp-json\/wp\/v2\/comments?post=13035"}],"version-history":[{"count":0,"href":"https:\/\/cajamar.sp.gov.br\/noticias\/wp-json\/wp\/v2\/posts\/13035\/revisions"}],"wp:attachment":[{"href":"https:\/\/cajamar.sp.gov.br\/noticias\/wp-json\/wp\/v2\/media?parent=13035"}],"wp:term":[{"taxonomy":"category","embeddable":true,"href":"https:\/\/cajamar.sp.gov.br\/noticias\/wp-json\/wp\/v2\/categories?post=13035"},{"taxonomy":"post_tag","embeddable":true,"href":"https:\/\/cajamar.sp.gov.br\/noticias\/wp-json\/wp\/v2\/tags?post=13035"},{"taxonomy":"posicao","embeddable":true,"href":"https:\/\/cajamar.sp.gov.br\/noticias\/wp-json\/wp\/v2\/posicao?post=13035"}],"curies":[{"name":"wp","href":"https:\/\/api.w.org\/{rel}","templated":true}]}}