{"id":13045,"date":"2019-08-07T09:51:32","date_gmt":"2019-08-07T12:51:32","guid":{"rendered":"http:\/\/wphomologa.cijun.sp.gov.br\/STIMPREN\/?p=13045"},"modified":"2019-08-07T09:51:32","modified_gmt":"2019-08-07T12:51:32","slug":"cajamar-realiza-a-1a-oficina-de-educacao-permanente-em-saude","status":"publish","type":"post","link":"https:\/\/cajamar.sp.gov.br\/noticias\/2019\/08\/07\/cajamar-realiza-a-1a-oficina-de-educacao-permanente-em-saude\/","title":{"rendered":"Cajamar realiza a 1\u00aa oficina de Educa\u00e7\u00e3o Permanente em Sa\u00fade"},"content":{"rendered":"<!-- id:5875 -->\n\n<div class=\"wp-block-image\">\n<figure class=\"aligncenter\">\n<img decoding=\"async\" src=\"https:\/\/cajamar.sp.gov.br\/wp-content\/uploads\/arquivo\/img5875a.jpg\" \/>\n\n<\/figure>\n<\/div>\n\n\nFoi realizado na \u00faltima quinta-feira (01), a primeira oficina do Projeto Estadual de Educa\u00e7\u00e3o Permanente para qualifica\u00e7\u00e3o da Aten\u00e7\u00e3o B\u00e1sica. A oficina teve a finalidade de formar servidores da Rede P\u00fablica na organiza\u00e7\u00e3o das pr\u00e1ticas de sa\u00fade no modelo de aten\u00e7\u00e3o, relacionados as linhas de cuidados nas condi\u00e7\u00f5es cr\u00f4nicas e educa\u00e7\u00e3o permanente, na Aten\u00e7\u00e3o B\u00e1sica no munic\u00edpio de Cajamar.<br><br>O Plano Estadual de Educa\u00e7\u00e3o Permanente em Sa\u00fade \u00e9 um documento com proposta de planejamento e orienta\u00e7\u00e3o para o desenvolvimento da Pol\u00edtica Nacional de Educa\u00e7\u00e3o Permanente em Sa\u00fade (PNEPS) no estado, pautada pelos princ\u00edpios e diretrizes do Sistema \u00danico de Sa\u00fade (SUS) e da Secretaria de Estado da Sa\u00fade de S\u00e3o Paulo (SESSP), com vig\u00eancia de 2020 a 2023, conforme crit\u00e9rios estabelecidos pelo Minist\u00e9rio da Sa\u00fade (MS) por meio da Portaria PRO EPS SUS\/2017.<br><br>Estiveram presentes no evento a Articuladora da Aten\u00e7\u00e3o B\u00e1sica do Estado, Enfermeira Geisa Cuevas e a facilitadora. Enfermeira Juliana Rodrigues, al\u00e9m dos apoiadores do munic\u00edpio de Cajamar, sendo: Enf\u00ba Fagner Primo (Diretor de Aten\u00e7\u00e3o Prim\u00e1ria); Tatiane Vilar (Diretora de Gest\u00e3o e Planejamento); Ana Paula Bizarria (Gerente da Sa\u00fade Mental); Enf\u00aa Stefane Flores (Gerente de PSF); Fl\u00e1via Lopes (Gerente de Panejamento e Indicadores); Rafael Enrique (Gerente de Terapia e Diagnose) e diversos servidores da Aten\u00e7\u00e3o B\u00e1sica, entre Unidades B\u00e1sicas de Sa\u00fade (UBSs) e Unidades de Sa\u00fade da Fam\u00edlia (USFs).<br>\n\n<!-- galeria:5875 -->","protected":false},"excerpt":{"rendered":"<p>Os crit\u00e9rios s\u00e3o estabelecidos pelo Minist\u00e9rio da Sa\u00fade (MS) por meio da Portaria PRO EPS SUS\/2017<\/p>\n","protected":false},"author":5,"featured_media":0,"comment_status":"open","ping_status":"open","sticky":false,"template":"","format":"standard","meta":{"footnotes":""},"categories":[2],"tags":[],"posicao":[],"class_list":["post-13045","post","type-post","status-publish","format-standard","hentry","category-saude"],"_links":{"self":[{"href":"https:\/\/cajamar.sp.gov.br\/noticias\/wp-json\/wp\/v2\/posts\/13045","targetHints":{"allow":["GET"]}}],"collection":[{"href":"https:\/\/cajamar.sp.gov.br\/noticias\/wp-json\/wp\/v2\/posts"}],"about":[{"href":"https:\/\/cajamar.sp.gov.br\/noticias\/wp-json\/wp\/v2\/types\/post"}],"author":[{"embeddable":true,"href":"https:\/\/cajamar.sp.gov.br\/noticias\/wp-json\/wp\/v2\/users\/5"}],"replies":[{"embeddable":true,"href":"https:\/\/cajamar.sp.gov.br\/noticias\/wp-json\/wp\/v2\/comments?post=13045"}],"version-history":[{"count":0,"href":"https:\/\/cajamar.sp.gov.br\/noticias\/wp-json\/wp\/v2\/posts\/13045\/revisions"}],"wp:attachment":[{"href":"https:\/\/cajamar.sp.gov.br\/noticias\/wp-json\/wp\/v2\/media?parent=13045"}],"wp:term":[{"taxonomy":"category","embeddable":true,"href":"https:\/\/cajamar.sp.gov.br\/noticias\/wp-json\/wp\/v2\/categories?post=13045"},{"taxonomy":"post_tag","embeddable":true,"href":"https:\/\/cajamar.sp.gov.br\/noticias\/wp-json\/wp\/v2\/tags?post=13045"},{"taxonomy":"posicao","embeddable":true,"href":"https:\/\/cajamar.sp.gov.br\/noticias\/wp-json\/wp\/v2\/posicao?post=13045"}],"curies":[{"name":"wp","href":"https:\/\/api.w.org\/{rel}","templated":true}]}}