{"id":13065,"date":"2019-08-14T14:19:04","date_gmt":"2019-08-14T17:19:04","guid":{"rendered":"http:\/\/wphomologa.cijun.sp.gov.br\/STIMPREN\/?p=13065"},"modified":"2019-08-14T14:19:04","modified_gmt":"2019-08-14T17:19:04","slug":"cajamar-adota-medidas-de-bloqueio-para-conter-o-avanco-do-sarampo","status":"publish","type":"post","link":"https:\/\/cajamar.sp.gov.br\/noticias\/2019\/08\/14\/cajamar-adota-medidas-de-bloqueio-para-conter-o-avanco-do-sarampo\/","title":{"rendered":"Cajamar adota medidas de bloqueio para conter o avan\u00e7o do sarampo"},"content":{"rendered":"<!-- id:5896 -->\n\n<div class=\"wp-block-image\">\n<figure class=\"aligncenter\">\n<img decoding=\"async\" src=\"https:\/\/cajamar.sp.gov.br\/wp-content\/uploads\/arquivo\/img5896a.jpg\" \/>\n<figcaption>Crian\u00e7as, adolescentes e jovens adultos com idade entre 1 e 29 anos devem ter duas doses da vacina.<\/figcaption>\n<\/figure>\n<\/div>\n\n\nA Secretaria Municipal de Sa\u00fade, atrav\u00e9s da Diretoria de Vigil\u00e2ncia Epidemiol\u00f3gica e das Unidades de Sa\u00fade, est\u00e1 trabalhando para interromper a cadeia de transmiss\u00e3o dos casos suspeitos de sarampo em Cajamar. Em casos de suspeitas, as equipes realizam o bloqueio vacinal, que \u00e9 a busca das pessoas que tiveram contato com o paciente, em casa, escola ou trabalho, para indicar ou realizar o refor\u00e7o da vacina\u00e7\u00e3o. At\u00e9 a data de hoje (14), o munic\u00edpio recebeu 13 notifica\u00e7\u00f5es suspeitas que aguardam resultados de exames ou mesmo a confirma\u00e7\u00e3o ap\u00f3s a segunda amostra.<br><br>Em todas as unidades de sa\u00fade, onde s\u00e3o realizadas as vacina\u00e7\u00f5es de rotina, \u00e9 poss\u00edvel realizar atualiza\u00e7\u00e3o de cadernetas e vacina\u00e7\u00e3o contra o sarampo, conforme orienta\u00e7\u00f5es do Minist\u00e9rio da Sa\u00fade. \u201cEstamos em contato permanente com o Governo Estadual e tamb\u00e9m com o Minist\u00e9rio da Sa\u00fade solicitando refor\u00e7o no nosso abastecimento de vacinas para que possamos garantir a prote\u00e7\u00e3o necess\u00e1ria aos nossos mun\u00edcipes\u201d, informa a secret\u00e1ria municipal de Sa\u00fade, Dra. Patr\u00edcia Hadadd.<br><br>A vacina indicada \u00e9 a tr\u00edplice viral, que est\u00e1 prevista no Programa Nacional de Imuniza\u00e7\u00f5es (PNI), do Minist\u00e9rio da Sa\u00fade, e \u00e9 aplicada aos 12 meses de idade, com refor\u00e7o aos 15 meses. A dose garante imuniza\u00e7\u00e3o contra sarampo, rub\u00e9ola e caxumba. Crian\u00e7as, adolescentes e jovens adultos com idade entre 1 e 29 anos devem ter duas doses da vacina. Quem tem entre 30 e 59 anos precisa ter, pelo menos, uma dose comprovada.<br><br>O sarampo \u00e9 uma doen\u00e7a infecciosa, transmiss\u00edvel e extremamente contagiosa, podendo se tornar grave especialmente em crian\u00e7as e adultos jovens. A transmiss\u00e3o ocorre de pessoa para pessoa, por meio de secre\u00e7\u00f5es respirat\u00f3rias, e os principais sintomas s\u00e3o febre alta (acima de 38,5\u00ba) e manchas vermelhas pelo corpo (com in\u00edcio na face e atr\u00e1s das orelhas), acompanhadas de tosse, coriza ou conjuntivite.<br><br>A forma mais eficaz de prevenir o sarampo \u00e9 a vacina, mas \u00e9 importante lembrar que a dose \u00e9 contraindicada para gestantes e imunodeprimidos, como pessoas submetidas a tratamento de leucemia e pacientes oncol\u00f3gicos. Em caso de d\u00favida, procure uma unidade de sa\u00fade ou entre em contato com a Vigil\u00e2ncia Epidemiol\u00f3gica pelo telefone 4408-5548.<br><br>Munic\u00edpios paulistas que se encontram em situa\u00e7\u00e3o de surto de sarampo no per\u00edodo da Semana Epidemiol\u00f3gica: <br><br>Atibaia<br>Barueri<br>Ca\u00e7apava<br>Caieiras<br>Campinas<br>Carapicu\u00edba<br>Diadema<br>Embu<br>Estrela D\u2019Oeste<br>Fernand\u00f3polis<br>Francisco Morato<br>Guarulhos<br>Hortol\u00e2ndia<br>Indaiatuba<br>Itapetininga<br>Itaquaquecetuba<br>Jales<br>Jundia\u00ed<br>Mairipor\u00e3<br>Mau\u00e1<br>Mogi das Cruzes<br>Osasco<br>Peru\u00edbe<br>Pindamonhangaba<br>Praia Grande<br>Ribeir\u00e3o Pires<br>Ribeir\u00e3o Preto<br>Rio Grande da Serra<br>Santo Andr\u00e9<br>Santos<br>S\u00e3o Bernardo do Campo<br>S\u00e3o Caetano do Sul<br>S\u00e3o Jos\u00e9 do Rio Preto<br>S\u00e3o Jos\u00e9 dos Campos<br>S\u00e3o Paulo<br>Sorocaba<br>Sumar\u00e9<br>Tabo\u00e3o da Serra\n\n<!-- galeria:5896 -->","protected":false},"excerpt":{"rendered":"<p>Em todas as unidades de sa\u00fade, onde s\u00e3o realizadas as vacina\u00e7\u00f5es de rotina, \u00e9 poss\u00edvel realizar atualiza\u00e7\u00e3o de cadernetas e vacina\u00e7\u00e3o contra o sarampo, conforme orienta\u00e7\u00f5es do Minist\u00e9rio da Sa\u00fade<\/p>\n","protected":false},"author":5,"featured_media":0,"comment_status":"open","ping_status":"open","sticky":false,"template":"","format":"standard","meta":{"footnotes":""},"categories":[2],"tags":[],"posicao":[],"class_list":["post-13065","post","type-post","status-publish","format-standard","hentry","category-saude"],"_links":{"self":[{"href":"https:\/\/cajamar.sp.gov.br\/noticias\/wp-json\/wp\/v2\/posts\/13065","targetHints":{"allow":["GET"]}}],"collection":[{"href":"https:\/\/cajamar.sp.gov.br\/noticias\/wp-json\/wp\/v2\/posts"}],"about":[{"href":"https:\/\/cajamar.sp.gov.br\/noticias\/wp-json\/wp\/v2\/types\/post"}],"author":[{"embeddable":true,"href":"https:\/\/cajamar.sp.gov.br\/noticias\/wp-json\/wp\/v2\/users\/5"}],"replies":[{"embeddable":true,"href":"https:\/\/cajamar.sp.gov.br\/noticias\/wp-json\/wp\/v2\/comments?post=13065"}],"version-history":[{"count":0,"href":"https:\/\/cajamar.sp.gov.br\/noticias\/wp-json\/wp\/v2\/posts\/13065\/revisions"}],"wp:attachment":[{"href":"https:\/\/cajamar.sp.gov.br\/noticias\/wp-json\/wp\/v2\/media?parent=13065"}],"wp:term":[{"taxonomy":"category","embeddable":true,"href":"https:\/\/cajamar.sp.gov.br\/noticias\/wp-json\/wp\/v2\/categories?post=13065"},{"taxonomy":"post_tag","embeddable":true,"href":"https:\/\/cajamar.sp.gov.br\/noticias\/wp-json\/wp\/v2\/tags?post=13065"},{"taxonomy":"posicao","embeddable":true,"href":"https:\/\/cajamar.sp.gov.br\/noticias\/wp-json\/wp\/v2\/posicao?post=13065"}],"curies":[{"name":"wp","href":"https:\/\/api.w.org\/{rel}","templated":true}]}}