{"id":13088,"date":"2019-08-22T16:10:36","date_gmt":"2019-08-22T19:10:36","guid":{"rendered":"http:\/\/wphomologa.cijun.sp.gov.br\/STIMPREN\/?p=13088"},"modified":"2019-08-22T16:10:36","modified_gmt":"2019-08-22T19:10:36","slug":"nucleo-experimental-de-teatro-apresenta-o-espetaculo-pela-estrada-afora","status":"publish","type":"post","link":"https:\/\/cajamar.sp.gov.br\/noticias\/2019\/08\/22\/nucleo-experimental-de-teatro-apresenta-o-espetaculo-pela-estrada-afora\/","title":{"rendered":"N\u00facleo Experimental de Teatro apresenta o espet\u00e1culo \u201cPela Estrada Afora\u201d"},"content":{"rendered":"<!-- id:5921 -->\n\n<div class=\"wp-block-image\">\n<figure class=\"aligncenter\">\n<img decoding=\"async\" src=\"https:\/\/cajamar.sp.gov.br\/wp-content\/uploads\/arquivo\/img5921a.jpg\" \/>\n\n<\/figure>\n<\/div>\n\n\nA Diretoria de Cultura, por meio do N\u00facleo Experimental de Teatro, convida todos para prestigiarem a apresenta\u00e7\u00e3o do espet\u00e1culo \u201cPela Estrada Afora\u201d que ser\u00e1 realizada no pr\u00f3ximo s\u00e1bado (24), as 19h, no Centro Cultural, em Jordan\u00e9sia.<br><br>Essa edi\u00e7\u00e3o especial \u00e9 o resultado do sucesso das apresenta\u00e7\u00f5es realizadas durante o m\u00eas de julho no Espa\u00e7o Cultural do Anhanguera Parque Shopping, no Polvilho. O texto do espet\u00e1culo foi constru\u00eddo no decorrer do processo das oficinas livres de teatro de Cajamar de forma colaborativa, organizado pelo orientador e professor Adilson Pereira.<br><br>O N\u00facleo Experimental de Teatro (NET) \u00e9 composto por atores e m\u00fasicos residentes em Cajamar e tem como proposta realizar um estudo diferenciado para aprimorar o conhecimento dos participantes dentro do universo teatral, dando oportunidade e autonomia no processo criativo, nas linguagens c\u00eanicas, dan\u00e7a e m\u00fasica, fortalecendo assim, as habilidades individuais e coletivas do grupo. <br><br>Segundo o Secret\u00e1rio Adjunto de Cultura Amomm, esses eventos culturais ser\u00e3o cada vez mais frequentes em Cajamar. &#8220;O teatro \u00e9 uma das grandes pot\u00eancias culturais de nossa cidade e conta com todo o apoio desta nova gest\u00e3o&#8221;, afirmou o secret\u00e1rio.<br><br><br>Espet\u00e1culo &#8220;Pela Estrada Afora&#8230;&#8221;<br>Data: 24 de agosto<br>Hor\u00e1rio: 19h<br>Local: Centro Cultural de Jordan\u00e9sia<br>Endere\u00e7o: Rua Arnaldo Rojek, 295\n\n<!-- galeria:5921 -->","protected":false},"excerpt":{"rendered":"<p>Ap\u00f3s o sucesso das apresenta\u00e7\u00f5es realizadas no Polvilho, o Centro Cultural de Jordan\u00e9sia far\u00e1 uma apresenta\u00e7\u00e3o especial da pe\u00e7a<\/p>\n","protected":false},"author":5,"featured_media":0,"comment_status":"open","ping_status":"open","sticky":false,"template":"","format":"standard","meta":{"footnotes":""},"categories":[12],"tags":[],"posicao":[],"class_list":["post-13088","post","type-post","status-publish","format-standard","hentry","category-cultura"],"_links":{"self":[{"href":"https:\/\/cajamar.sp.gov.br\/noticias\/wp-json\/wp\/v2\/posts\/13088","targetHints":{"allow":["GET"]}}],"collection":[{"href":"https:\/\/cajamar.sp.gov.br\/noticias\/wp-json\/wp\/v2\/posts"}],"about":[{"href":"https:\/\/cajamar.sp.gov.br\/noticias\/wp-json\/wp\/v2\/types\/post"}],"author":[{"embeddable":true,"href":"https:\/\/cajamar.sp.gov.br\/noticias\/wp-json\/wp\/v2\/users\/5"}],"replies":[{"embeddable":true,"href":"https:\/\/cajamar.sp.gov.br\/noticias\/wp-json\/wp\/v2\/comments?post=13088"}],"version-history":[{"count":0,"href":"https:\/\/cajamar.sp.gov.br\/noticias\/wp-json\/wp\/v2\/posts\/13088\/revisions"}],"wp:attachment":[{"href":"https:\/\/cajamar.sp.gov.br\/noticias\/wp-json\/wp\/v2\/media?parent=13088"}],"wp:term":[{"taxonomy":"category","embeddable":true,"href":"https:\/\/cajamar.sp.gov.br\/noticias\/wp-json\/wp\/v2\/categories?post=13088"},{"taxonomy":"post_tag","embeddable":true,"href":"https:\/\/cajamar.sp.gov.br\/noticias\/wp-json\/wp\/v2\/tags?post=13088"},{"taxonomy":"posicao","embeddable":true,"href":"https:\/\/cajamar.sp.gov.br\/noticias\/wp-json\/wp\/v2\/posicao?post=13088"}],"curies":[{"name":"wp","href":"https:\/\/api.w.org\/{rel}","templated":true}]}}