{"id":13144,"date":"2019-09-11T11:43:37","date_gmt":"2019-09-11T14:43:37","guid":{"rendered":"http:\/\/wphomologa.cijun.sp.gov.br\/STIMPREN\/?p=13144"},"modified":"2019-10-31T10:31:58","modified_gmt":"2019-10-31T12:31:58","slug":"programa-consulta-em-dia-comeca-a-atender-a-populacao-com-carreta-da-saude","status":"publish","type":"post","link":"https:\/\/cajamar.sp.gov.br\/noticias\/2019\/09\/11\/programa-consulta-em-dia-comeca-a-atender-a-populacao-com-carreta-da-saude\/","title":{"rendered":"Programa Consulta em Dia come\u00e7a a atender a popula\u00e7\u00e3o com Carreta da Sa\u00fade"},"content":{"rendered":"<p><!-- id:5982 --><\/p>\n\n\n<div class=\"wp-block-image\">\n<figure class=\"aligncenter\">\n<img decoding=\"async\" src=\"https:\/\/cajamar.sp.gov.br\/wp-content\/uploads\/arquivo\/img5982a.jpg\" \/>\n<figcaption>A \u201cCarreta da Sa\u00fade\u201d \u00e9 uma unidade itinerante que oferecer\u00e1 atendimento gratuito \u00e1 popula\u00e7\u00e3o, percorrendo diversos bairros do munic\u00edpio<\/figcaption>\n<\/figure>\n<\/div>\n\n\n\n<figure class=\"wp-block-embed-soundcloud wp-block-embed is-type-rich is-provider-soundcloud wp-embed-aspect-4-3 wp-has-aspect-ratio\"><div class=\"wp-block-embed__wrapper\">\nhttps:\/\/soundcloud.com\/prefeituradecajamar\/programa-consulta-em-dia-comeca-a-atender-a-populacao-da-saude\n<\/div><\/figure>\n\n\n<p>Os cuidados m\u00e9dicos em Cajamar est\u00e3o mais pr\u00f3ximos da popula\u00e7\u00e3o. Com a miss\u00e3o de ampliar ainda mais a oferta de consultas com especialistas no munic\u00edpio, a Prefeitura Municipal de Cajamar, atrav\u00e9s da Secretaria de Sa\u00fade, inicia mais uma a\u00e7\u00e3o in\u00e9dita com a chegada da Carreta da Sa\u00fade, um ambulat\u00f3rio itinerante sobre rodas. A Carreta da Sa\u00fade oferecer\u00e1 atendimento gratuito a popula\u00e7\u00e3o e ficar\u00e1 posicionada em pontos estrat\u00e9gicos do munic\u00edpio.<\/p>\n<p>A meta \u00e9 atender cerca de 50 pacientes por dia. Para um melhor atendimento as consultas com Neurologista, Ortopedista e Psiquiatra ser\u00e3o pr\u00e9-agendadas pela Central de Agendamento, que entrar\u00e1 em contato com os pacientes informando dia e hora das consultas, ap\u00f3s prioriza\u00e7\u00e3o realizada pelo Departamento de Regula\u00e7\u00e3o e Controle da Secretaria de Sa\u00fade.<\/p>\n<p>Al\u00e9m disso, ser\u00e3o oferecidas vagas para atendimentos Odontol\u00f3gicos e Oftalmologistas, nestes casos ser\u00e3o distribu\u00eddas senhas no local para um melhor atendimento e organiza\u00e7\u00e3o.<\/p>\n<p>A \u201cCarreta da Sa\u00fade\u201d faz parte do programa \u201cConsulta em Dia\u201d criado pela nova gest\u00e3o municipal, e tem objetivo de zerar as filas de consultas e exames no munic\u00edpio. A inaugura\u00e7\u00e3o ser\u00e1 neste s\u00e1bado, dia 14 de setembro, \u00e0s 10h. J\u00e1 os atendimentos ser\u00e3o das 09h \u00e0s 17h, na Pra\u00e7a da B\u00edblia, em frente ao Gin\u00e1sio de Esportes \u2018Antonio Carlos Tramassi\u2019, no Polvilho.<\/p>\n<p>Todos os bairros ser\u00e3o contemplados com o projeto. A Carreta da Sa\u00fade permanecer\u00e1 por 10 dias em cada bairro e a agenda ser\u00e1 pr\u00e9-definida pela Secretaria de Sa\u00fade, de acordo com a demanda da regi\u00e3o, oferecendo consultas e agendamentos de exames.<\/p>\n<p><!-- galeria:5982 --><\/p>\n\n\n<ul class=\"wp-block-gallery columns-2 is-cropped wp-block-gallery-1 is-layout-flex wp-block-gallery-is-layout-flex\">\n\n<li class=\"blocks-gallery-item\">\n\n<figure>\n\n<img decoding=\"async\" src=\"https:\/\/cajamar.sp.gov.br\/wp-content\/uploads\/arquivo\/img5982b.jpg\" \/>\n\n<figcaption><\/figcaption>\n\n<\/figure>\n\n<\/li>\n\n\n\n<li class=\"blocks-gallery-item\">\n\n<figure>\n\n<img decoding=\"async\" src=\"https:\/\/cajamar.sp.gov.br\/wp-content\/uploads\/arquivo\/img5982c.jpg\" \/>\n\n<figcaption><\/figcaption>\n\n<\/figure>\n\n<\/li>\n\n\n\n<li class=\"blocks-gallery-item\">\n\n<figure>\n\n<img decoding=\"async\" src=\"https:\/\/cajamar.sp.gov.br\/wp-content\/uploads\/arquivo\/img5982d.jpg\" \/>\n\n<figcaption><\/figcaption>\n\n<\/figure>\n\n<\/li>\n\n\n\n<li class=\"blocks-gallery-item\">\n\n<figure>\n\n<img decoding=\"async\" src=\"https:\/\/cajamar.sp.gov.br\/wp-content\/uploads\/arquivo\/img5982e.jpg\" \/>\n\n<figcaption><\/figcaption>\n\n<\/figure>\n\n<\/li>\n\n\n\n<\/ul>\n","protected":false},"excerpt":{"rendered":"<p>Entre os servi\u00e7os oferecidos est\u00e3o consultas m\u00e9dicas pr\u00e9-agendadas na \u00e1rea de neurologia, psiquiatria, pediatria, ortopedia, clinica geral, odontologia e oftalmologia.<\/p>\n","protected":false},"author":5,"featured_media":0,"comment_status":"open","ping_status":"open","sticky":false,"template":"","format":"standard","meta":{"footnotes":""},"categories":[2],"tags":[],"posicao":[],"class_list":["post-13144","post","type-post","status-publish","format-standard","hentry","category-saude"],"_links":{"self":[{"href":"https:\/\/cajamar.sp.gov.br\/noticias\/wp-json\/wp\/v2\/posts\/13144","targetHints":{"allow":["GET"]}}],"collection":[{"href":"https:\/\/cajamar.sp.gov.br\/noticias\/wp-json\/wp\/v2\/posts"}],"about":[{"href":"https:\/\/cajamar.sp.gov.br\/noticias\/wp-json\/wp\/v2\/types\/post"}],"author":[{"embeddable":true,"href":"https:\/\/cajamar.sp.gov.br\/noticias\/wp-json\/wp\/v2\/users\/5"}],"replies":[{"embeddable":true,"href":"https:\/\/cajamar.sp.gov.br\/noticias\/wp-json\/wp\/v2\/comments?post=13144"}],"version-history":[{"count":2,"href":"https:\/\/cajamar.sp.gov.br\/noticias\/wp-json\/wp\/v2\/posts\/13144\/revisions"}],"predecessor-version":[{"id":13231,"href":"https:\/\/cajamar.sp.gov.br\/noticias\/wp-json\/wp\/v2\/posts\/13144\/revisions\/13231"}],"wp:attachment":[{"href":"https:\/\/cajamar.sp.gov.br\/noticias\/wp-json\/wp\/v2\/media?parent=13144"}],"wp:term":[{"taxonomy":"category","embeddable":true,"href":"https:\/\/cajamar.sp.gov.br\/noticias\/wp-json\/wp\/v2\/categories?post=13144"},{"taxonomy":"post_tag","embeddable":true,"href":"https:\/\/cajamar.sp.gov.br\/noticias\/wp-json\/wp\/v2\/tags?post=13144"},{"taxonomy":"posicao","embeddable":true,"href":"https:\/\/cajamar.sp.gov.br\/noticias\/wp-json\/wp\/v2\/posicao?post=13144"}],"curies":[{"name":"wp","href":"https:\/\/api.w.org\/{rel}","templated":true}]}}