{"id":13157,"date":"2019-09-16T11:33:43","date_gmt":"2019-09-16T14:33:43","guid":{"rendered":"http:\/\/wphomologa.cijun.sp.gov.br\/STIMPREN\/?p=13157"},"modified":"2019-10-31T11:49:36","modified_gmt":"2019-10-31T13:49:36","slug":"acoes-marcam-a-semana-municipal-de-prevencao-e-combate-a-depressao","status":"publish","type":"post","link":"https:\/\/cajamar.sp.gov.br\/noticias\/2019\/09\/16\/acoes-marcam-a-semana-municipal-de-prevencao-e-combate-a-depressao\/","title":{"rendered":"A\u00e7\u00f5es marcam a Semana Municipal de Preven\u00e7\u00e3o e Combate a Depress\u00e3o"},"content":{"rendered":"\n<figure class=\"wp-block-image\"><img decoding=\"async\" src=\"https:\/\/cajamar.sp.gov.br\/wp-content\/uploads\/arquivo\/img5995a.jpg\" alt=\"\"\/><figcaption>A psic\u00f3loga Cristina Calvalcante e o m\u00e9dico psiquiatra Gabriel Domingos conduziram as palestras<\/figcaption><\/figure>\n\n\n\n<figure class=\"wp-block-embed-soundcloud wp-block-embed is-type-rich is-provider-soundcloud wp-embed-aspect-4-3 wp-has-aspect-ratio\"><div class=\"wp-block-embed__wrapper\">\nhttps:\/\/soundcloud.com\/prefeituradecajamar\/acoes-marcam-a-semana-municipal-de-prevencao-e-combate-a-depressao\n<\/div><\/figure>\n\n\n\n<p>A Prefeitura Municipal Cajamar, por interm\u00e9dio da Sa\u00fade Mental e do Centro de Aten\u00e7\u00e3o Psicossocial (CAPS) \u2013 \u00f3rg\u00e3os vinculados \u00e0 Secretaria Municipal de Sa\u00fade, realizaram uma s\u00e9rie de atividades em refer\u00eancia a Campanha Setembro Amarelo e a Semana Municipal de Preven\u00e7\u00e3o e Combate a Depress\u00e3o.<\/p>\n\n\n\n<p>O encerramento das a\u00e7\u00f5es promovidas pela equipe da Sa\u00fade Mental foi realizada na C\u00e2mara Municipal de Cajamar na \u00faltima sexta-feira (13), e contou com a presen\u00e7a do prefeito Danilo Joan, do vice Moacyr Pedro, do presidente da C\u00e2mara, Saulo Rodrigues e dos vereadores Eder da Silva Domingues (Edinho Domingues), Feliciano Jo\u00e3o de Oliveira Neto (Irm\u00e3o Feliciano), Izelda Gon\u00e7alves Carna\u00faba Cintra, Jos\u00e9 Adriano Jos\u00e9 da Concei\u00e7\u00e3o (Adriano Tica), Valdeci Moreira, da secret\u00e1ria de Sa\u00fade, Patr\u00edcia Haddad, profissionais da sa\u00fade mental, moradores e alunos da Escola Estadual Suzana Dias.<\/p>\n\n\n\n<p>Conforme dados da Organiza\u00e7\u00e3o Mundial de Sa\u00fade (OMS), estima-se que a depress\u00e3o afeta mais de 300 milh\u00f5es de pessoas em todo o mundo, o que a torna um grave problema de sa\u00fade, especialmente quando \u00e9 de longa dura\u00e7\u00e3o e intensidades moderadas a grave.<\/p>\n\n\n\n<p>A palestra voltada ao tema \u201cAnsiedade e Depress\u00e3o\u201d, contou com o apoio da equipe multidisciplinar de Sa\u00fade Mental e do CAPS. A psic\u00f3loga Cristina Calvalcante e o m\u00e9dico psiquiatra Gabriel Domingos de Paula, conduziram as palestras. Atentos n\u00e3o apenas \u00e0 sa\u00fade f\u00edsica dos usu\u00e1rios, o objetivo da a\u00e7\u00e3o foi levar informa\u00e7\u00f5es pertinentes sobre preven\u00e7\u00e3o, tratamentos, sinais de alerta, como procurar ajuda e tamb\u00e9m maneiras para ajudar quem enfrenta ambos os tipos de transtornos.<\/p>\n\n\n\n<p>\u201cSa\u00fade n\u00e3o se restringe apenas ao consult\u00f3rio m\u00e9dico, s\u00e3o diversas a\u00e7\u00f5es visando o bem-estar da popula\u00e7\u00e3o. Os temas depress\u00e3o e ansiedade foram sugeridos pela pr\u00f3pria comunidade, que por vezes, conhece algu\u00e9m ou at\u00e9 mesmo convive com pessoas que passam por essas situa\u00e7\u00f5es\u201d, disse a psic\u00f3loga, Ana Paula Bizarria.<\/p>\n\n\n\n<p>Para o m\u00e9dico psiquiatra, Gabriel Domingos de Paula, levar informa\u00e7\u00f5es e ajuda para a popula\u00e7\u00e3o em termos de sa\u00fade mental \u00e9 de extrema import\u00e2ncia e urg\u00eancia. \u201cVivemos tempos dif\u00edceis com essas doen\u00e7as, consideradas o mal do s\u00e9culo. \u00c9 um desafio constante; contudo, buscamos levar a ajuda necess\u00e1ria para os que precisam\u201d, explica. Ele acrescenta ainda que Cajamar conta com unidades do Centro de Aten\u00e7\u00e3o Psicossocial \u2013 CAPS, sendo especializadas em sa\u00fade mental para tratamento e reinser\u00e7\u00e3o social dos pacientes que apresentam transtornos mentais, contando com equipes multiprofissionais, compostas por m\u00e9dicos, psic\u00f3logos, psiquiatras e demais especialistas.<\/p>\n\n\n\n<p>Lei Municipal <br>A Lei n\u00ba 1.765\/2019, de autoria do vereador Jos\u00e9 Adriano da Concei\u00e7\u00e3o \u2013 Adriano Tica &#8211; sancionada pelo prefeito Danilo Joan, visa principalmente levar informa\u00e7\u00f5es \u00e0 sociedade sobre os atendimentos preventivos oferecidos pelo munic\u00edpio, porque a maioria das pessoas n\u00e3o sabe que h\u00e1 um tratamento dispon\u00edvel no sistema de sa\u00fade (SUS). E a entrada do SUS \u00e9 o atendimento prim\u00e1rio \u00e0 sa\u00fade realizado nos PSFs ou unidades b\u00e1sicas de sa\u00fade, que \u00e9 uma pol\u00edtica p\u00fablica municipal.<\/p>\n\n\n\n<figure class=\"wp-block-image\"><img decoding=\"async\" src=\"https:\/\/cajamar.sp.gov.br\/wp-content\/uploads\/arquivo\/img5995b.jpg\" alt=\"\"\/><\/figure>\n\n\n\n<figure class=\"wp-block-image\"><img decoding=\"async\" src=\"https:\/\/cajamar.sp.gov.br\/wp-content\/uploads\/arquivo\/img5995c.jpg\" alt=\"\"\/><\/figure>\n","protected":false},"excerpt":{"rendered":"<p>A palestra voltada ao tema \u201cAnsiedade e Depress\u00e3o\u201d, contou com o apoio da equipe multidisciplinar de Sa\u00fade Mental e do CAPS<\/p>\n","protected":false},"author":5,"featured_media":0,"comment_status":"open","ping_status":"open","sticky":false,"template":"","format":"standard","meta":{"footnotes":""},"categories":[2],"tags":[],"posicao":[],"class_list":["post-13157","post","type-post","status-publish","format-standard","hentry","category-saude"],"_links":{"self":[{"href":"https:\/\/cajamar.sp.gov.br\/noticias\/wp-json\/wp\/v2\/posts\/13157","targetHints":{"allow":["GET"]}}],"collection":[{"href":"https:\/\/cajamar.sp.gov.br\/noticias\/wp-json\/wp\/v2\/posts"}],"about":[{"href":"https:\/\/cajamar.sp.gov.br\/noticias\/wp-json\/wp\/v2\/types\/post"}],"author":[{"embeddable":true,"href":"https:\/\/cajamar.sp.gov.br\/noticias\/wp-json\/wp\/v2\/users\/5"}],"replies":[{"embeddable":true,"href":"https:\/\/cajamar.sp.gov.br\/noticias\/wp-json\/wp\/v2\/comments?post=13157"}],"version-history":[{"count":1,"href":"https:\/\/cajamar.sp.gov.br\/noticias\/wp-json\/wp\/v2\/posts\/13157\/revisions"}],"predecessor-version":[{"id":13243,"href":"https:\/\/cajamar.sp.gov.br\/noticias\/wp-json\/wp\/v2\/posts\/13157\/revisions\/13243"}],"wp:attachment":[{"href":"https:\/\/cajamar.sp.gov.br\/noticias\/wp-json\/wp\/v2\/media?parent=13157"}],"wp:term":[{"taxonomy":"category","embeddable":true,"href":"https:\/\/cajamar.sp.gov.br\/noticias\/wp-json\/wp\/v2\/categories?post=13157"},{"taxonomy":"post_tag","embeddable":true,"href":"https:\/\/cajamar.sp.gov.br\/noticias\/wp-json\/wp\/v2\/tags?post=13157"},{"taxonomy":"posicao","embeddable":true,"href":"https:\/\/cajamar.sp.gov.br\/noticias\/wp-json\/wp\/v2\/posicao?post=13157"}],"curies":[{"name":"wp","href":"https:\/\/api.w.org\/{rel}","templated":true}]}}