{"id":13161,"date":"2019-09-17T17:54:04","date_gmt":"2019-09-17T20:54:04","guid":{"rendered":"http:\/\/wphomologa.cijun.sp.gov.br\/STIMPREN\/?p=13161"},"modified":"2019-09-17T17:54:04","modified_gmt":"2019-09-17T20:54:04","slug":"novas-vagas-de-emprego-estao-disponiveis-no-pat-jordanesia-e-polvilho","status":"publish","type":"post","link":"https:\/\/cajamar.sp.gov.br\/noticias\/2019\/09\/17\/novas-vagas-de-emprego-estao-disponiveis-no-pat-jordanesia-e-polvilho\/","title":{"rendered":"Novas vagas de emprego est\u00e3o dispon\u00edveis no PAT Jordan\u00e9sia e Polvilho"},"content":{"rendered":"<!-- id:5999 -->\n\n<div class=\"wp-block-image\">\n<figure class=\"aligncenter\">\n<img decoding=\"async\" src=\"https:\/\/cajamar.sp.gov.br\/wp-content\/uploads\/arquivo\/img5999a.jpg\" \/>\n\n<\/figure>\n<\/div>\n\n\nSeguindo a semana de entrevistas e contrata\u00e7\u00f5es, a Prefeitura de Cajamar juntamente com a Secret\u00e1ria de Desenvolvimento Econ\u00f4mico e a Diretoria de Trabalho, disponibilizam novas oportunidades de emprego efetivas e tempor\u00e1rias para esta quarta-feira (18), conforme descri\u00e7\u00e3o abaixo:<br><br>Fun\u00e7\u00e3o: Aux. Log\u00edstico I e II<br>&#8211; 60 vagas masculino <br>&#8211; Efetivo\/Permanente<br><br>&#8211; Disponibilidade para atuar 1\u00b0,2\u00b0 e 3 Turnos        <br>&#8211; Escolaridade Ensino M\u00e9dio completo<br>&#8211; Com ou sem experi\u00eancia <br>&#8211; Faixa et\u00e1ria 18 a 50 anos<br>&#8211; Sal\u00e1rio R$ 1437,00 + benef\u00edcios <br>&#8211; Local da entrevista: Quarta \u2013 Feira 18\/09, das 09h e \u00e0s 14:00<br>SECRETARIA DE DESENVOLVIMENTO ECON\u00d4MICO &#8211; Rua Avelino Toledo de lima, n\u00b0 208 (ANTIGO PREDIO DA CIDADANIA) &#8211; Jordan\u00e9sia<br><br><br>Fun\u00e7\u00e3o: Aux. Log\u00edstico \u2013 carga e descarga, separa\u00e7\u00e3o de produtos<br>&#8211; 30 vagas masculino <br>&#8211; Tempor\u00e1ria 90 dias<br>&#8211; Disponibilidade para atuar das 08:00 \u00e1s 17:48<br>&#8211; Escolaridade Ensino Fundamental completo ao m\u00e9dio <br>&#8211; Experi\u00eancia na Carteira 06 meses<br>&#8211; Faixa et\u00e1ria 19 a 45 anos<br>&#8211; Sal\u00e1rio R$ 1.163,00 + VT + Refei\u00e7\u00e3o no local<br>&#8211; Local da entrevista: Quarta \u2013Feira  18\/09, das 08h e \u00e0s 11:00<br>&#8211; PAT JORDANESIA &#8211; Av: Jos\u00e9 Mendes, n\u00b0 88 &#8211; Jordan\u00e9sia<br><br>Fun\u00e7\u00e3o: Conferente \u2013 Log\u00edstico <br>&#8211; 30 vagas masculino<br>&#8211; Efetivo\/Permanente<br><br>&#8211; Disponibilidade para atuar em 1\u00b0 ou 2\u00b0 turno (seg a s\u00e1b) ou 3\u00b0 turno (dom a sex)<br>&#8211; Escolaridade Ensino M\u00e9dio Completo<br>&#8211; Experi\u00eancia na Carteira 06 meses<br>&#8211; Faixa et\u00e1ria 18 a 50 anos<br>&#8211; Sal\u00e1rio R$ 1.343,00+ VA + VT +AM+AO e Refei\u00e7\u00e3o no local<br>&#8211; Local da entrevista: Quarta \u2013 Feira 18\/09, das 09h <br>&#8211; PAT DO POLVILHO &#8211;  Av. Tenente Marques, n\u00b0 55<br><br><br><br>Fun\u00e7\u00e3o: CONFERENTE \u2013 conferencia dos materiais, ter inform\u00e1tica<br>&#8211; 30 vagas masculino <br>&#8211; Efetivo\/Permanente<br>&#8211; Trabalhar em 1\u00b0 e 2\u00b0 turno (06:00 \u00e0s 14:00 e das 14:00 \u00e0s 22:00 )<br>&#8211; Escolaridade Ensino M\u00e9dio Completo<br>&#8211; Experi\u00eancia na Carteira 06 meses em log\u00edstica<br>&#8211; Faixa et\u00e1ria 20 a 45 anos<br>&#8211; Sal\u00e1rio R$ 1.343,62 + VT + Refei\u00e7\u00e3o no local+ vale alimenta\u00e7\u00e3o + assist\u00eancia m\u00e9dica + assist\u00eancia odontol\u00f3lica<br>&#8211; Local da entrevista: Quarta-feira 18\/09, \u00e0s 14h.<br>&#8211; PAT DO POLVILHO &#8211; Av. Tenente Marques, n\u00b0 55 &#8211; Polvilho<br><br><br><br>Fun\u00e7\u00e3o: AUXILIAR OPERACIONAL DE LOGISTICA<br>&#8211; 01 vagas indiferente<br>&#8211; Efetivo \/ permanente<br>&#8211; Escolaridade Ensino M\u00e9dio Completo<br>&#8211; Experi\u00eancia na Carteira 06 meses em log\u00edstica<br>&#8211; Faixa et\u00e1ria 22 a 45 anos<br>&#8211; Sal\u00e1rio R$ 1.284,00 + VT + vale refei\u00e7\u00e3o + assist\u00eancia m\u00e9dica + assist\u00eancia odontol\u00f3gica<br>&#8211; Local da entrevista: Quarta-feira 18\/09, \u00e0s 15h.<br>&#8211; PAT DO POLVILHO &#8211;  Av. Tenente Marques, n\u00b0 55 &#8211; Polvilho <br><br><br>Fun\u00e7\u00e3o: Operador de Empilhadeira<br>&#8211; 01 vagas INDIFERENTE<br>&#8211; Efetivo \/ permanente<br>&#8211; Hor\u00e1rio de trabalho \u00e0 combinar<br>&#8211; Escolaridade Ensino M\u00e9dio Completo<br>&#8211; Experi\u00eancia na Carteira 01 ano em log\u00edstica<br>&#8211; Faixa et\u00e1ria 25 a 45 anos<br>&#8211; Sal\u00e1rio \u00e0 combinar<br>&#8211; Local da entrevista: Quarta-feira \u00e0 sexta 20\/09, \u00e0 partir das 09:30.<br>NA EMPRESA: Rua Etelvino dos Santos, 742\/790 \u2013 Fazendinha p Santana de Parna\u00edba <br><br><br>Fun\u00e7\u00e3o: OPERADOR DE PLASMA CNC \u2013 Que tenha conhecimento em autocard<br>&#8211; 01 vaga masculino<br>&#8211; Efetivo\/Permanente<br>&#8211; Trabalhar de segunda a quinta 07:30h \u00e0s 17:30h e sexta 07:30h \u00e0s 16:30h<br>&#8211; Escolaridade: Ensino M\u00e9dio Completo<br>&#8211; Curso AUTOCAD<br>&#8211; Experi\u00eancia na carteira 01 ano<br>&#8211; Faixa et\u00e1ria 20 a 35 anos<br>&#8211; Sal\u00e1rio \u00e0 combinar + VT + AM <br>&#8211; Local da entrevista: Quarta feira 18\/09, as 15h.<br>&#8211; Entregar curr\u00edculo<br>PAT DO POLVILHO &#8211; Av. Tenente Marques, n\u00b0 55 \u2013 Polvilho <br><br><br>Fun\u00e7\u00e3o: Coordenador de opera\u00e7\u00f5es <br>&#8211; Vaga indiferente <br>&#8211; Efetivo\/Permanente<br>&#8211; Trabalhar em 1\u00b0 e  2\u00b0 e 3\u00ba turno<br>&#8211; Escolaridade: Segundo Grau Completo<br>&#8211; Experi\u00eancia na carteira acima de 2 anos<br>&#8211; Faixa et\u00e1ria 25 a 45 anos<br>&#8211; Sal\u00e1rio e benef\u00edcios \u00e0 combinar<br>-Local da entrevista: Quarta \u00e0 sexta 18,19 e 20\/09 as 08h e 14h.<br>&#8211; PAT DO POLVILHO &#8211;  Av. Tenente Marques, n\u00b0 55 \u2013Polvilho <br><br><br>Fun\u00e7\u00e3o: T\u00e9cnico em Nutri\u00e7\u00e3o <br>&#8211; 01 vaga masculino<br>&#8211; Escolaridade: T\u00e9cnico em Nutri\u00e7\u00e3o <br>&#8211; Experi\u00eancia na carteira em cozinha industrial<br>&#8211; Faixa et\u00e1ria 18 a 40 anos<br>&#8211; Sal\u00e1rio e benef\u00edcios \u00e0 combinar<br>&#8211; Local da entrevista: Quarta-feira dia 18\/09 \u00e0s 14h<br>&#8211; PAT DO POLVILHO &#8211; Av. Tenente Marques, n\u00b0 55 \u2013 Polvilho <br><br><br>Fun\u00e7\u00e3o: COZINHEIRO<br>&#8211; 01 vaga indiferente<br>&#8211; Efetivo\/Permanente<br>&#8211; Trabalhar de segunda a s\u00e1bado 07h \u00e0s 15:20h<br>&#8211; Escolaridade: Ensino fundamental completo<br>&#8211; Experi\u00eancia na carteira 06 meses<br>&#8211; Faixa et\u00e1ria 25 a 50 anos<br>&#8211; Sal\u00e1rio R$ 1.559,00 + VT + VA + AM +Seguro de vida + conv farm\u00e1cia<br>&#8211; Local da entrevista: Quarta-feira dia 18\/09 \u00e0s 14h<br>&#8211; PAT DO POLVILHO &#8211; Av. Tenente Marques, n\u00b0 55 \u2013 Polvilho <br><br>\n\n<!-- galeria:5999 -->","protected":false},"excerpt":{"rendered":"<p>Veja as oportunidades de vagas dispon\u00edveis no PAT para esta quarta-feira (18).<\/p>\n","protected":false},"author":5,"featured_media":0,"comment_status":"open","ping_status":"open","sticky":false,"template":"","format":"standard","meta":{"footnotes":""},"categories":[9],"tags":[],"posicao":[],"class_list":["post-13161","post","type-post","status-publish","format-standard","hentry","category-trabalho-e-emprego"],"_links":{"self":[{"href":"https:\/\/cajamar.sp.gov.br\/noticias\/wp-json\/wp\/v2\/posts\/13161","targetHints":{"allow":["GET"]}}],"collection":[{"href":"https:\/\/cajamar.sp.gov.br\/noticias\/wp-json\/wp\/v2\/posts"}],"about":[{"href":"https:\/\/cajamar.sp.gov.br\/noticias\/wp-json\/wp\/v2\/types\/post"}],"author":[{"embeddable":true,"href":"https:\/\/cajamar.sp.gov.br\/noticias\/wp-json\/wp\/v2\/users\/5"}],"replies":[{"embeddable":true,"href":"https:\/\/cajamar.sp.gov.br\/noticias\/wp-json\/wp\/v2\/comments?post=13161"}],"version-history":[{"count":0,"href":"https:\/\/cajamar.sp.gov.br\/noticias\/wp-json\/wp\/v2\/posts\/13161\/revisions"}],"wp:attachment":[{"href":"https:\/\/cajamar.sp.gov.br\/noticias\/wp-json\/wp\/v2\/media?parent=13161"}],"wp:term":[{"taxonomy":"category","embeddable":true,"href":"https:\/\/cajamar.sp.gov.br\/noticias\/wp-json\/wp\/v2\/categories?post=13161"},{"taxonomy":"post_tag","embeddable":true,"href":"https:\/\/cajamar.sp.gov.br\/noticias\/wp-json\/wp\/v2\/tags?post=13161"},{"taxonomy":"posicao","embeddable":true,"href":"https:\/\/cajamar.sp.gov.br\/noticias\/wp-json\/wp\/v2\/posicao?post=13161"}],"curies":[{"name":"wp","href":"https:\/\/api.w.org\/{rel}","templated":true}]}}