{"id":13167,"date":"2019-09-19T08:22:06","date_gmt":"2019-09-19T11:22:06","guid":{"rendered":"http:\/\/wphomologa.cijun.sp.gov.br\/STIMPREN\/?p=13167"},"modified":"2019-10-31T12:18:58","modified_gmt":"2019-10-31T14:18:58","slug":"carreta-da-saude-realizou-mais-de-1200-atendimentos-no-polvilho","status":"publish","type":"post","link":"https:\/\/cajamar.sp.gov.br\/noticias\/2019\/09\/19\/carreta-da-saude-realizou-mais-de-1200-atendimentos-no-polvilho\/","title":{"rendered":"Carreta da Sa\u00fade realizou mais de 1200 atendimentos no Polvilho"},"content":{"rendered":"\n<figure class=\"wp-block-image\"><img decoding=\"async\" src=\"https:\/\/cajamar.sp.gov.br\/wp-content\/uploads\/arquivo\/img6006a.jpg\" alt=\"\"\/><\/figure>\n\n\n\n<figure class=\"wp-block-embed-soundcloud wp-block-embed is-type-rich is-provider-soundcloud wp-embed-aspect-4-3 wp-has-aspect-ratio\"><div class=\"wp-block-embed__wrapper\">\nhttps:\/\/soundcloud.com\/prefeituradecajamar\/carreta-da-saude-realizou-mais-de-1200-atendimentos-no-polvilho\n<\/div><\/figure>\n\n\n\n<p>A popula\u00e7\u00e3o de Cajamar comemorou no \u00faltimo s\u00e1bado (14), a chegada da Carreta da Sa\u00fade, um novo servi\u00e7o que promete ampliar o acesso \u00e0 sa\u00fade do munic\u00edpio. Gerenciada pela Secretaria Municipal de Sa\u00fade, trata-se de uma unidade itinerante que tem como objetivo zerar as filas de espera por consultas m\u00e9dicas.<\/p>\n\n\n\n<p>Desde o \u00faltimo s\u00e1bado a Carreta da Sa\u00fade realizou um total de 1203 atendimentos. Entre os servi\u00e7os oferecidos est\u00e3o consultas m\u00e9dicas agendadas na \u00e1rea de Ortopedia, Neurologia, Psiquiatra, Pediatria e consultas espont\u00e2neas na \u00e1rea de Cl\u00ednica Geral e Oftalmologia. Al\u00e9m de atendimentos Odontol\u00f3gicos, procedimentos de enfermagem, como aferi\u00e7\u00e3o de press\u00e3o arterial, dextro e vacina\u00e7\u00e3o.<\/p>\n\n\n\n<p>A inaugura\u00e7\u00e3o da carreta, integrante do programa Consulta em Dia da atual gest\u00e3o ocorreu na Pra\u00e7a da B\u00edblia, em frente ao Gin\u00e1sio de Esportes \u2018Antonio Carlos Tramassi\u2019, no Polvilho. A cerim\u00f4nia de apresenta\u00e7\u00e3o da Carreta da Sa\u00fade contou com a presen\u00e7a do prefeito Danilo Joan, do vice, Moacyr Pedro, dos vereadores e secret\u00e1rios municipais.<\/p>\n\n\n\n<p>&#8220;Sem d\u00favida nenhuma a Carreta da Sa\u00fade se consolida como importante pol\u00edtica p\u00fablica. Aqui no Polvilho, no primeiro dia foi realizado cerca de 448 atendimentos que resultaram na diminui\u00e7\u00e3o da fila de espera de especialidades m\u00e9dicas. Fico feliz em ver a popula\u00e7\u00e3o sendo bem atendida\u201d, disse o prefeito Danilo Joan.<\/p>\n\n\n\n<p>\u201cO atendimento foi muito bom, a nota \u00e9 10, porque a gente precisa desta aten\u00e7\u00e3o da sa\u00fade para todos nos moradores\u201d, falou Maria das Dores Matos.<\/p>\n\n\n\n<p>\u201cA carreta vai me ajudar muito, principalmente porque trabalho e n\u00e3o posso ir ao posto de sa\u00fade durante a semana. Gostei muito e n\u00e3o vejo a hora dela chegar ao meu bairro\u201d, comentou F\u00e1tima Oliveira, moradora do Ponunduva.<\/p>\n\n\n\n<p>\u00c9 importante que o mun\u00edcipe mantenha seus dados cadastrais atualizados na sua UBS de refer\u00eancia e aguarde o contato telef\u00f4nico da equipe da Central de Agendamento, que vai informar dia e hor\u00e1rio da consulta. Pensando nos trabalhadores, o servi\u00e7o da carreta ser\u00e1 realizado tamb\u00e9m aos s\u00e1bados.<\/p>\n\n\n\n<ul class=\"wp-block-gallery columns-2 is-cropped wp-block-gallery-1 is-layout-flex wp-block-gallery-is-layout-flex\">\n\n<li class=\"blocks-gallery-item\">\n\n<figure>\n\n<img decoding=\"async\" src=\"https:\/\/cajamar.sp.gov.br\/wp-content\/uploads\/arquivo\/img6006b.jpg\" \/>\n\n<figcaption><\/figcaption>\n\n<\/figure>\n\n<\/li>\n\n\n\n<li class=\"blocks-gallery-item\">\n\n<figure>\n\n<img decoding=\"async\" src=\"https:\/\/cajamar.sp.gov.br\/wp-content\/uploads\/arquivo\/img6006c.jpg\" \/>\n\n<figcaption><\/figcaption>\n\n<\/figure>\n\n<\/li>\n\n\n\n<li class=\"blocks-gallery-item\">\n\n<figure>\n\n<img decoding=\"async\" src=\"https:\/\/cajamar.sp.gov.br\/wp-content\/uploads\/arquivo\/img6006d.jpg\" \/>\n\n<figcaption><\/figcaption>\n\n<\/figure>\n\n<\/li>\n\n\n\n<li class=\"blocks-gallery-item\">\n\n<figure>\n\n<img decoding=\"async\" src=\"https:\/\/cajamar.sp.gov.br\/wp-content\/uploads\/arquivo\/img6006e.jpg\" \/>\n\n<figcaption><\/figcaption>\n\n<\/figure>\n\n<\/li>\n\n\n\n<\/ul>\n","protected":false},"excerpt":{"rendered":"<p>Unidade est\u00e1 instalada na Pra\u00e7a da B\u00edblia em frente ao Gin\u00e1sio de Esportes \u2018Antonio Carlos Tramassi\u2019, no Polvilho<\/p>\n","protected":false},"author":5,"featured_media":0,"comment_status":"open","ping_status":"open","sticky":false,"template":"","format":"standard","meta":{"footnotes":""},"categories":[2],"tags":[],"posicao":[],"class_list":["post-13167","post","type-post","status-publish","format-standard","hentry","category-saude"],"_links":{"self":[{"href":"https:\/\/cajamar.sp.gov.br\/noticias\/wp-json\/wp\/v2\/posts\/13167","targetHints":{"allow":["GET"]}}],"collection":[{"href":"https:\/\/cajamar.sp.gov.br\/noticias\/wp-json\/wp\/v2\/posts"}],"about":[{"href":"https:\/\/cajamar.sp.gov.br\/noticias\/wp-json\/wp\/v2\/types\/post"}],"author":[{"embeddable":true,"href":"https:\/\/cajamar.sp.gov.br\/noticias\/wp-json\/wp\/v2\/users\/5"}],"replies":[{"embeddable":true,"href":"https:\/\/cajamar.sp.gov.br\/noticias\/wp-json\/wp\/v2\/comments?post=13167"}],"version-history":[{"count":1,"href":"https:\/\/cajamar.sp.gov.br\/noticias\/wp-json\/wp\/v2\/posts\/13167\/revisions"}],"predecessor-version":[{"id":13253,"href":"https:\/\/cajamar.sp.gov.br\/noticias\/wp-json\/wp\/v2\/posts\/13167\/revisions\/13253"}],"wp:attachment":[{"href":"https:\/\/cajamar.sp.gov.br\/noticias\/wp-json\/wp\/v2\/media?parent=13167"}],"wp:term":[{"taxonomy":"category","embeddable":true,"href":"https:\/\/cajamar.sp.gov.br\/noticias\/wp-json\/wp\/v2\/categories?post=13167"},{"taxonomy":"post_tag","embeddable":true,"href":"https:\/\/cajamar.sp.gov.br\/noticias\/wp-json\/wp\/v2\/tags?post=13167"},{"taxonomy":"posicao","embeddable":true,"href":"https:\/\/cajamar.sp.gov.br\/noticias\/wp-json\/wp\/v2\/posicao?post=13167"}],"curies":[{"name":"wp","href":"https:\/\/api.w.org\/{rel}","templated":true}]}}