{"id":13177,"date":"2019-09-20T16:01:27","date_gmt":"2019-09-20T19:01:27","guid":{"rendered":"http:\/\/wphomologa.cijun.sp.gov.br\/STIMPREN\/?p=13177"},"modified":"2019-09-20T16:01:27","modified_gmt":"2019-09-20T19:01:27","slug":"carreta-da-saude-continua-atendimentos-ate-quarta-25-no-polvilho","status":"publish","type":"post","link":"https:\/\/cajamar.sp.gov.br\/noticias\/2019\/09\/20\/carreta-da-saude-continua-atendimentos-ate-quarta-25-no-polvilho\/","title":{"rendered":"Carreta da Sa\u00fade continua atendimentos at\u00e9 quarta (25), no Polvilho"},"content":{"rendered":"<!-- id:6017 -->\n\n<div class=\"wp-block-image\">\n<figure class=\"aligncenter\">\n<img decoding=\"async\" src=\"https:\/\/cajamar.sp.gov.br\/wp-content\/uploads\/arquivo\/img6017a.jpg\" \/>\n\n<\/figure>\n<\/div>\n\n\nA pedido da popula\u00e7\u00e3o e devido \u00e0 grande procura por atendimentos, a Prefeitura de Cajamar, por meio da Secretaria de Sa\u00fade, informa que o atendimento da Carreta da Sa\u00fade foi prorrogado at\u00e9 a pr\u00f3xima quarta-feira (25), seguindo o mesmo hor\u00e1rio de atendimento: 9h \u00e0s 16h. <br><br>Desde sua inaugura\u00e7\u00e3o, ocorrida no \u00faltimo s\u00e1bado, dia 14, a Carreta da Sa\u00fade j\u00e1 realizou mais de 1400 atendimentos. Entre os servi\u00e7os oferecidos est\u00e3o consultas m\u00e9dicas agendadas na \u00e1rea de Ortopedia, Neurologia, Psiquiatra, Pediatria e consultas espont\u00e2neas na \u00e1rea de Cl\u00ednica Geral e Oftalmologia. Al\u00e9m de atendimentos Odontol\u00f3gicos, procedimentos de enfermagem como aferi\u00e7\u00e3o de press\u00e3o arterial, dextro e vacina\u00e7\u00e3o.<br><br>\u00c9 importante que o mun\u00edcipe mantenha seus dados cadastrais atualizados na sua UBS de refer\u00eancia e aguarde o contato telef\u00f4nico da equipe da Central de Agendamento, que vai informar dia e hor\u00e1rio da consulta.\n\n<!-- galeria:6017 -->\n\n<ul class=\"wp-block-gallery columns-2 is-cropped wp-block-gallery-1 is-layout-flex wp-block-gallery-is-layout-flex\">\n\n<li class=\"blocks-gallery-item\">\n\n<figure>\n\n<img decoding=\"async\" src=\"https:\/\/cajamar.sp.gov.br\/wp-content\/uploads\/arquivo\/img6017b.jpg\" \/>\n\n<figcaption><\/figcaption>\n\n<\/figure>\n\n<\/li>\n\n\n\n<\/ul>\n\n\n","protected":false},"excerpt":{"rendered":"<p>Secretaria da Sa\u00fade decidiu prorrogar at\u00e9 a pr\u00f3xima quarta-feira, dia 25, os atendimentos na Carreta da Sa\u00fade<\/p>\n","protected":false},"author":5,"featured_media":0,"comment_status":"open","ping_status":"open","sticky":false,"template":"","format":"standard","meta":{"footnotes":""},"categories":[2],"tags":[],"posicao":[],"class_list":["post-13177","post","type-post","status-publish","format-standard","hentry","category-saude"],"_links":{"self":[{"href":"https:\/\/cajamar.sp.gov.br\/noticias\/wp-json\/wp\/v2\/posts\/13177","targetHints":{"allow":["GET"]}}],"collection":[{"href":"https:\/\/cajamar.sp.gov.br\/noticias\/wp-json\/wp\/v2\/posts"}],"about":[{"href":"https:\/\/cajamar.sp.gov.br\/noticias\/wp-json\/wp\/v2\/types\/post"}],"author":[{"embeddable":true,"href":"https:\/\/cajamar.sp.gov.br\/noticias\/wp-json\/wp\/v2\/users\/5"}],"replies":[{"embeddable":true,"href":"https:\/\/cajamar.sp.gov.br\/noticias\/wp-json\/wp\/v2\/comments?post=13177"}],"version-history":[{"count":0,"href":"https:\/\/cajamar.sp.gov.br\/noticias\/wp-json\/wp\/v2\/posts\/13177\/revisions"}],"wp:attachment":[{"href":"https:\/\/cajamar.sp.gov.br\/noticias\/wp-json\/wp\/v2\/media?parent=13177"}],"wp:term":[{"taxonomy":"category","embeddable":true,"href":"https:\/\/cajamar.sp.gov.br\/noticias\/wp-json\/wp\/v2\/categories?post=13177"},{"taxonomy":"post_tag","embeddable":true,"href":"https:\/\/cajamar.sp.gov.br\/noticias\/wp-json\/wp\/v2\/tags?post=13177"},{"taxonomy":"posicao","embeddable":true,"href":"https:\/\/cajamar.sp.gov.br\/noticias\/wp-json\/wp\/v2\/posicao?post=13177"}],"curies":[{"name":"wp","href":"https:\/\/api.w.org\/{rel}","templated":true}]}}