{"id":13182,"date":"2019-09-23T12:40:07","date_gmt":"2019-09-23T15:40:07","guid":{"rendered":"http:\/\/wphomologa.cijun.sp.gov.br\/STIMPREN\/?p=13182"},"modified":"2019-10-31T16:48:10","modified_gmt":"2019-10-31T18:48:10","slug":"hospital-da-crianca-grendacc-comeca-atender-pacientes-de-cajamar","status":"publish","type":"post","link":"https:\/\/cajamar.sp.gov.br\/noticias\/2019\/09\/23\/hospital-da-crianca-grendacc-comeca-atender-pacientes-de-cajamar\/","title":{"rendered":"Hospital da Crian\u00e7a Grendacc come\u00e7a atender pacientes de Cajamar"},"content":{"rendered":"\n<figure class=\"wp-block-image\"><img decoding=\"async\" src=\"https:\/\/cajamar.sp.gov.br\/wp-content\/uploads\/arquivo\/img6022a.jpg\" alt=\"\"\/><\/figure>\n\n\n\n<figure class=\"wp-block-embed-soundcloud wp-block-embed is-type-rich is-provider-soundcloud wp-embed-aspect-4-3 wp-has-aspect-ratio\"><div class=\"wp-block-embed__wrapper\">\nhttps:\/\/soundcloud.com\/prefeituradecajamar\/hospital-da-crianca-grendacc-comeca-a-atender-pacientes-de-cajamar\n<\/div><\/figure>\n\n\n\n<p>O Grendacc \u2013 Grupo em Defesa da Crian\u00e7a com C\u00e2ncer \u2013, localizado em Jundia\u00ed, iniciou os atendimentos de crian\u00e7as e jovens do munic\u00edpio de Cajamar que aguardavam h\u00e1 anos na fila de espera por exames, cirurgias e consultas m\u00e9dicas. O conv\u00eanio foi firmado entre a Prefeitura de Cajamar com o Grendacc, que atualmente \u00e9 refer\u00eancia em atendimento na regi\u00e3o.<\/p>\n\n\n\n<p>Com o conv\u00eanio firmado, as crian\u00e7as passam a ter direito ao atendimento cl\u00ednico, servi\u00e7o de radiologia fixa e port\u00e1til, laborat\u00f3rio de an\u00e1lises cl\u00ednicas, ambulat\u00f3rio de quimioterapia, unidade de interna\u00e7\u00e3o, UTI &#8211; Unidade de Terapia Pedi\u00e1trica, Centro Cir\u00fargico, especialidade pedi\u00e1trica, atendimento e tratamento ambulatoriais, entre outros servi\u00e7os.<\/p>\n\n\n\n<p>\u201cHoje \u00e9 uma data bastante importante, uma vez que n\u00f3s estamos iniciando os atendimentos dos pacientes de Cajamar. Sabemos que foi uma longa espera para estas crian\u00e7as e que realmente agora a gente est\u00e1 conseguindo que as coisas aconte\u00e7am\u201d, disse Verci Andr\u00eao, presidente do Grendacc.<\/p>\n\n\n\n<p>\u201cMuita alegria pois n\u00e3o vai priorizar s\u00f3 a minha filha, mas sim como todos os outros filhos cajamarenses. A m\u00e9dica \u00e9 \u00f3tima, examinou ela. As enfermeiras e recepcionistas, tudo bem atendido. Uma vit\u00f3ria para Cajamar e para a gente\u201d, disse a m\u00e3e da crian\u00e7a, Patr\u00edcia Cristina.<\/p>\n\n\n\n<p>O conv\u00eanio faz parte do Programa Consulta em Dia, lan\u00e7ado pela atual administra\u00e7\u00e3o, que tem como objetivo zerar a fila de espera de quase mil crian\u00e7as de 0 a 17 anos que aguardavam h\u00e1 tempos por exames, consultas especializadas e at\u00e9 mesmo cirurgias pedi\u00e1tricas.<\/p>\n\n\n\n<p>Para que as crian\u00e7as de Cajamar sejam atendidas, o munic\u00edpio vai destinar recursos para que a fila de espera possa ser zerada. Em contrapartida, a institui\u00e7\u00e3o prestar\u00e1 atendimento ambulatorial e hospitalar, destinado a pacientes de 0 a 17 anos, de ambos os sexos, nas especialidades m\u00e9dicas de hematologia, oncologia, nefrologia, cardiologia, neurologia, nutri\u00e7\u00e3o, psicologia, odontologia, fisioterapia, procedimentos cir\u00fargicos, ecocardiograma e UTI.<\/p>\n\n\n\n<ul class=\"wp-block-gallery columns-2 is-cropped wp-block-gallery-1 is-layout-flex wp-block-gallery-is-layout-flex\">\n\n<li class=\"blocks-gallery-item\">\n\n<figure>\n\n<img decoding=\"async\" src=\"https:\/\/cajamar.sp.gov.br\/wp-content\/uploads\/arquivo\/img6022b.jpg\" \/>\n\n<figcaption><\/figcaption>\n\n<\/figure>\n\n<\/li>\n\n\n\n<li class=\"blocks-gallery-item\">\n\n<figure>\n\n<img decoding=\"async\" src=\"https:\/\/cajamar.sp.gov.br\/wp-content\/uploads\/arquivo\/img6022c.jpg\" \/>\n\n<figcaption><\/figcaption>\n\n<\/figure>\n\n<\/li>\n\n\n\n<li class=\"blocks-gallery-item\">\n\n<figure>\n\n<img decoding=\"async\" src=\"https:\/\/cajamar.sp.gov.br\/wp-content\/uploads\/arquivo\/img6022d.jpg\" \/>\n\n<figcaption><\/figcaption>\n\n<\/figure>\n\n<\/li>\n\n\n\n<li class=\"blocks-gallery-item\">\n\n<figure>\n\n<img decoding=\"async\" src=\"https:\/\/cajamar.sp.gov.br\/wp-content\/uploads\/arquivo\/img6022e.jpg\" \/>\n\n<figcaption><\/figcaption>\n\n<\/figure>\n\n<\/li>\n\n\n\n<\/ul>\n","protected":false},"excerpt":{"rendered":"<p>Conv\u00eanio da Prefeitura com o Hospital visa diminuir fila de espera por exames, cirurgias e consultas m\u00e9dicas.<\/p>\n","protected":false},"author":5,"featured_media":0,"comment_status":"open","ping_status":"open","sticky":false,"template":"","format":"standard","meta":{"footnotes":""},"categories":[2],"tags":[],"posicao":[],"class_list":["post-13182","post","type-post","status-publish","format-standard","hentry","category-saude"],"_links":{"self":[{"href":"https:\/\/cajamar.sp.gov.br\/noticias\/wp-json\/wp\/v2\/posts\/13182","targetHints":{"allow":["GET"]}}],"collection":[{"href":"https:\/\/cajamar.sp.gov.br\/noticias\/wp-json\/wp\/v2\/posts"}],"about":[{"href":"https:\/\/cajamar.sp.gov.br\/noticias\/wp-json\/wp\/v2\/types\/post"}],"author":[{"embeddable":true,"href":"https:\/\/cajamar.sp.gov.br\/noticias\/wp-json\/wp\/v2\/users\/5"}],"replies":[{"embeddable":true,"href":"https:\/\/cajamar.sp.gov.br\/noticias\/wp-json\/wp\/v2\/comments?post=13182"}],"version-history":[{"count":1,"href":"https:\/\/cajamar.sp.gov.br\/noticias\/wp-json\/wp\/v2\/posts\/13182\/revisions"}],"predecessor-version":[{"id":13259,"href":"https:\/\/cajamar.sp.gov.br\/noticias\/wp-json\/wp\/v2\/posts\/13182\/revisions\/13259"}],"wp:attachment":[{"href":"https:\/\/cajamar.sp.gov.br\/noticias\/wp-json\/wp\/v2\/media?parent=13182"}],"wp:term":[{"taxonomy":"category","embeddable":true,"href":"https:\/\/cajamar.sp.gov.br\/noticias\/wp-json\/wp\/v2\/categories?post=13182"},{"taxonomy":"post_tag","embeddable":true,"href":"https:\/\/cajamar.sp.gov.br\/noticias\/wp-json\/wp\/v2\/tags?post=13182"},{"taxonomy":"posicao","embeddable":true,"href":"https:\/\/cajamar.sp.gov.br\/noticias\/wp-json\/wp\/v2\/posicao?post=13182"}],"curies":[{"name":"wp","href":"https:\/\/api.w.org\/{rel}","templated":true}]}}