{"id":13197,"date":"2019-09-26T18:56:51","date_gmt":"2019-09-26T21:56:51","guid":{"rendered":"http:\/\/wphomologa.cijun.sp.gov.br\/STIMPREN\/?p=13197"},"modified":"2019-10-31T16:55:36","modified_gmt":"2019-10-31T18:55:36","slug":"jordanesia-recebera-a-carreta-da-saude-a-partir-desta-sexta-feira-27","status":"publish","type":"post","link":"https:\/\/cajamar.sp.gov.br\/noticias\/2019\/09\/26\/jordanesia-recebera-a-carreta-da-saude-a-partir-desta-sexta-feira-27\/","title":{"rendered":"Jordan\u00e9sia receber\u00e1 a Carreta da Sa\u00fade a partir desta sexta-feira (27)"},"content":{"rendered":"\n<figure class=\"wp-block-image\"><img decoding=\"async\" src=\"https:\/\/cajamar.sp.gov.br\/wp-content\/uploads\/arquivo\/img6036a.jpg\" alt=\"\"\/><\/figure>\n\n\n\n<figure class=\"wp-block-embed-soundcloud wp-block-embed is-type-rich is-provider-soundcloud wp-embed-aspect-4-3 wp-has-aspect-ratio\"><div class=\"wp-block-embed__wrapper\">\nhttps:\/\/soundcloud.com\/prefeituradecajamar\/jordanesia-recebera-a-carreta-da-saude-a-partir-desta-sexta-feira-27\n<\/div><\/figure>\n\n\n\n<p>Para garantir agilidade nos atendimentos na rede municipal de sa\u00fade, ter\u00e1 in\u00edcio nesta sexta-feira (27), os atendimentos na Carreta da Sa\u00fade no distrito de Jordan\u00e9sia, uma iniciativa da Prefeitura de Cajamar que tem o objetivo de levar aos moradores dos bairros da cidade, consultas de especialidades m\u00e9dicas com conforto e praticidade.<\/p>\n\n\n\n<p>Os atendimentos em Jordan\u00e9sia ocorrer\u00e3o a partir desta sexta-feira, dia 27, na Pra\u00e7a Anna Maria de Ar\u00f3, ao lado do Centro de Eventos &#8220;Boi\u00f3dromo&#8221;. O hor\u00e1rio de atendimento \u00e9 das 9h \u00e1s 16h.<\/p>\n\n\n\n<p>As consultas com Neurologista, Ortopedista e Psiquiatra est\u00e3o sendo pr\u00e9-agendadas pela Central de Agendamento, que entrar\u00e1 em contato com os pacientes informando dia e hora das consultas, ap\u00f3s prioriza\u00e7\u00e3o realizada pelo Departamento de Regula\u00e7\u00e3o e Controle da Secretaria de Sa\u00fade. J\u00e1 atendimentos Odontol\u00f3gicos e Oftalmologistas ser\u00e3o distribu\u00eddas senhas no local para um melhor atendimento e organiza\u00e7\u00e3o.<\/p>\n\n\n\n<p>\u201cA implanta\u00e7\u00e3o Carreta da Sa\u00fade facilitar\u00e1 a vida das pessoas que contar\u00e1 com consultas em diversas especialidades proporcionando mais comodidade para a popula\u00e7\u00e3o cajamarense que h\u00e1 anos sofrem com as filas de espera\u201d, destacou o Prefeito Danilo Joan.<\/p>\n\n\n\n<p>\u201cNossa proposta \u00e9 levar estes atendimentos a todos os bairros de Cajamar, al\u00e9m da zona rural, facilitando o acesso as consultas com especialistas e ao mesmo tempo, desafogando as unidades de sa\u00fade\u201d, disse a secret\u00e1ria de Sa\u00fade, Patr\u00edcia Haddad.<\/p>\n\n\n\n<p>A Carreta da Sa\u00fade permanecer\u00e1 por 10 dias em cada bairro e a agenda ser\u00e1 pr\u00e9-definida pela Secretaria de Sa\u00fade, de acordo com a demanda da regi\u00e3o, oferecendo consultas e agendamentos de exames.<\/p>\n\n\n\n<p><b>Servi\u00e7o<\/b><\/p>\n\n\n\n<p><b>Programa Consulta em Dia: Carreta da Sa\u00fade<\/b><br><b>A partir do Dia:<\/b> 27 de setembro<br><b>Hor\u00e1rio de Atendimento:<\/b> 9h \u00e0s 16h<br><b>Local:<\/b> Pra\u00e7a Anna Maria de Ar\u00f3, ao lado do Centro de Eventos &#8220;Boi\u00f3dromo&#8221;.<\/p>\n","protected":false},"excerpt":{"rendered":"<p>Unidade ficar\u00e1 instalada na Pra\u00e7a Anna Maria de Ar\u00f3, pr\u00f3ximo do Centro de Eventos<\/p>\n","protected":false},"author":5,"featured_media":0,"comment_status":"open","ping_status":"open","sticky":false,"template":"","format":"standard","meta":{"footnotes":""},"categories":[2],"tags":[],"posicao":[],"class_list":["post-13197","post","type-post","status-publish","format-standard","hentry","category-saude"],"_links":{"self":[{"href":"https:\/\/cajamar.sp.gov.br\/noticias\/wp-json\/wp\/v2\/posts\/13197","targetHints":{"allow":["GET"]}}],"collection":[{"href":"https:\/\/cajamar.sp.gov.br\/noticias\/wp-json\/wp\/v2\/posts"}],"about":[{"href":"https:\/\/cajamar.sp.gov.br\/noticias\/wp-json\/wp\/v2\/types\/post"}],"author":[{"embeddable":true,"href":"https:\/\/cajamar.sp.gov.br\/noticias\/wp-json\/wp\/v2\/users\/5"}],"replies":[{"embeddable":true,"href":"https:\/\/cajamar.sp.gov.br\/noticias\/wp-json\/wp\/v2\/comments?post=13197"}],"version-history":[{"count":1,"href":"https:\/\/cajamar.sp.gov.br\/noticias\/wp-json\/wp\/v2\/posts\/13197\/revisions"}],"predecessor-version":[{"id":13264,"href":"https:\/\/cajamar.sp.gov.br\/noticias\/wp-json\/wp\/v2\/posts\/13197\/revisions\/13264"}],"wp:attachment":[{"href":"https:\/\/cajamar.sp.gov.br\/noticias\/wp-json\/wp\/v2\/media?parent=13197"}],"wp:term":[{"taxonomy":"category","embeddable":true,"href":"https:\/\/cajamar.sp.gov.br\/noticias\/wp-json\/wp\/v2\/categories?post=13197"},{"taxonomy":"post_tag","embeddable":true,"href":"https:\/\/cajamar.sp.gov.br\/noticias\/wp-json\/wp\/v2\/tags?post=13197"},{"taxonomy":"posicao","embeddable":true,"href":"https:\/\/cajamar.sp.gov.br\/noticias\/wp-json\/wp\/v2\/posicao?post=13197"}],"curies":[{"name":"wp","href":"https:\/\/api.w.org\/{rel}","templated":true}]}}