{"id":13203,"date":"2019-10-01T15:17:32","date_gmt":"2019-10-01T18:17:32","guid":{"rendered":"http:\/\/wphomologa.cijun.sp.gov.br\/STIMPREN\/?p=13203"},"modified":"2019-10-01T15:17:32","modified_gmt":"2019-10-01T18:17:32","slug":"nic-promove-atividades-especiais-na-semana-do-idoso","status":"publish","type":"post","link":"https:\/\/cajamar.sp.gov.br\/noticias\/2019\/10\/01\/nic-promove-atividades-especiais-na-semana-do-idoso\/","title":{"rendered":"NIC promove atividades especiais na \u201cSemana do Idoso\u201d"},"content":{"rendered":"<!-- id:6045 -->\n\n<div class=\"wp-block-image\">\n<figure class=\"aligncenter\">\n<img decoding=\"async\" src=\"https:\/\/cajamar.sp.gov.br\/wp-content\/uploads\/arquivo\/img6045a.jpg\" \/>\n\n<\/figure>\n<\/div>\n\n\nA Semana Nacional do Idoso \u00e9 comemorada em Cajamar com uma s\u00e9rie de atividades organizadas pelo N\u00facleo do Idoso de Cajamar (NIC), atrav\u00e9s da Secretaria Municipal de Desenvolvimento Social.<br><br>A abertura oficial do evento aconteceu nesta segunda-feira (30), com uma solenidade na C\u00e2mara Municipal de Cajamar que reuniu dezenas de frequentadores, servidores, al\u00e9m do vice-prefeito Moacyr Pedro, do secret\u00e1rio de Desenvolvimento Social, Niedson Filho, dos vereadores, Claudinei Lucio Rodrigues, o Neiz\u00e3o, Manoel Pereira Filho, o Man\u00e9 do Am\u00e9rica, e Izelda, al\u00e9m do secret\u00e1rio de Esportes, Fabiano Rodrigues, e do Fundo Social, que na ocasi\u00e3o foi representado pelo assessor Rodrigo Rocca.<br><br>Tamb\u00e9m participaram da abertura oficial, o Coral do N\u00facleo do Idoso e dos alunos da escola \u00c1rvores de Ideias. A Semana Nacional do Idoso em Cajamar come\u00e7ou com discurso das autoridades entre eles do secret\u00e1rio de Desenvolvimento Social, Niedson Filho, que descreveu sobre os projetos desenvolvidos no munic\u00edpio, na garantia dos direitos e da qualidade de vida da popula\u00e7\u00e3o da terceira idade. <br><br>Durante toda a semana, ser\u00e3o realizadas atividades esportivas e culturais como competi\u00e7\u00f5es, atividades e baile. Tamb\u00e9m ser\u00e1 organizada uma palestra motivacional com o tema: \u201cVoc\u00ea \u00e9 o que voc\u00ea pensa\u201d, com a palestrante Liane.<br><br>O secret\u00e1rio Niedson Filho, informou que esta semana foi preparada com o objetivo de levar alegria, lazer e cultura aos idosos. Tamb\u00e9m constam na programa\u00e7\u00e3o jogos da integra\u00e7\u00e3o e ainda na sexta-feira (04) o Baile de Encerramento.<br><br>Programa\u00e7\u00e3o \u2013 Semana do Idoso de Cajamar 2019<br><br>Ter\u00e7a &#8211; feira dia 01\/10 \u2013 14h Palestra com o tema: \u201cVoc\u00ea \u00e9 o que voc\u00ea pensa\u201d &#8211; Palestrante: Liane \u2013 Local: PEC \u2013 Pra\u00e7a de Esporte e Cultura \u2013 R: Constantino Ferreira de Almeida, 3671 \u2013 Bairro Para\u00edso.<br><br>Ter\u00e7a dia 01\/10 \u2013 19h \u2013 Baile &#8211; Local: Shopping Anhanguera. Rua: Jean Anastace Kovelis, 123 &#8211; Ip\u00eas (Polvilho).<br><br>Quarta \u2013 Feira 02\/10 \u2013 14h \u2013 Gincanas \u2013 Local: Gin\u00e1sio de Cajamar \u2013 centro \u2013 Av. Prof. Valter Ribas de Andrade, 1284 &#8211; Vila Nova.<br><br>Quinta \u2013 Feira 03\/10 \u2013 08h \u2013 ECOBACA \u2013 Local: Gin\u00e1sio de Jordan\u00e9sia &#8211; Av. Ver. Joaquim Pereira Barbosa, 827 &#8211; Jardim Nova Jordan\u00e9sia.<br><br>Sexta \u2013 feira 04\/10 \u2013 08h \u2013 Hidrogin\u00e1stica \u2013 Local: Clube aqu\u00e1tico &#8211; Av. Ver. Joaquim Pereira Barbosa, 827 &#8211; Jardim Nova Jordan\u00e9sia.<br><br>Sexta \u2013 feira 04\/10 \u2013 18h \u2013 Bail\u00e3o de encerramento &#8211; Local: Clube aqu\u00e1tico &#8211; Av. Ver. Joaquim Pereira Barbosa, 827 &#8211; Jardim Nova Jordan\u00e9sia.<br>\n\n<!-- galeria:6045 -->\n\n<ul class=\"wp-block-gallery columns-2 is-cropped wp-block-gallery-1 is-layout-flex wp-block-gallery-is-layout-flex\">\n\n<li class=\"blocks-gallery-item\">\n\n<figure>\n\n<img decoding=\"async\" src=\"https:\/\/cajamar.sp.gov.br\/wp-content\/uploads\/arquivo\/img6045b.jpg\" \/>\n\n<figcaption><\/figcaption>\n\n<\/figure>\n\n<\/li>\n\n\n\n<li class=\"blocks-gallery-item\">\n\n<figure>\n\n<img decoding=\"async\" src=\"https:\/\/cajamar.sp.gov.br\/wp-content\/uploads\/arquivo\/img6045c.jpg\" \/>\n\n<figcaption><\/figcaption>\n\n<\/figure>\n\n<\/li>\n\n\n\n<li class=\"blocks-gallery-item\">\n\n<figure>\n\n<img decoding=\"async\" src=\"https:\/\/cajamar.sp.gov.br\/wp-content\/uploads\/arquivo\/img6045d.jpg\" \/>\n\n<figcaption><\/figcaption>\n\n<\/figure>\n\n<\/li>\n\n\n\n<li class=\"blocks-gallery-item\">\n\n<figure>\n\n<img decoding=\"async\" src=\"https:\/\/cajamar.sp.gov.br\/wp-content\/uploads\/arquivo\/img6045e.jpg\" \/>\n\n<figcaption><\/figcaption>\n\n<\/figure>\n\n<\/li>\n\n\n\n<\/ul>\n\n\n","protected":false},"excerpt":{"rendered":"<p>Durante toda a semana, ser\u00e3o realizados eventos esportivos e culturais como competi\u00e7\u00f5es, atividades e baile<\/p>\n","protected":false},"author":5,"featured_media":0,"comment_status":"open","ping_status":"open","sticky":false,"template":"","format":"standard","meta":{"footnotes":""},"categories":[4],"tags":[],"posicao":[],"class_list":["post-13203","post","type-post","status-publish","format-standard","hentry","category-social"],"_links":{"self":[{"href":"https:\/\/cajamar.sp.gov.br\/noticias\/wp-json\/wp\/v2\/posts\/13203","targetHints":{"allow":["GET"]}}],"collection":[{"href":"https:\/\/cajamar.sp.gov.br\/noticias\/wp-json\/wp\/v2\/posts"}],"about":[{"href":"https:\/\/cajamar.sp.gov.br\/noticias\/wp-json\/wp\/v2\/types\/post"}],"author":[{"embeddable":true,"href":"https:\/\/cajamar.sp.gov.br\/noticias\/wp-json\/wp\/v2\/users\/5"}],"replies":[{"embeddable":true,"href":"https:\/\/cajamar.sp.gov.br\/noticias\/wp-json\/wp\/v2\/comments?post=13203"}],"version-history":[{"count":0,"href":"https:\/\/cajamar.sp.gov.br\/noticias\/wp-json\/wp\/v2\/posts\/13203\/revisions"}],"wp:attachment":[{"href":"https:\/\/cajamar.sp.gov.br\/noticias\/wp-json\/wp\/v2\/media?parent=13203"}],"wp:term":[{"taxonomy":"category","embeddable":true,"href":"https:\/\/cajamar.sp.gov.br\/noticias\/wp-json\/wp\/v2\/categories?post=13203"},{"taxonomy":"post_tag","embeddable":true,"href":"https:\/\/cajamar.sp.gov.br\/noticias\/wp-json\/wp\/v2\/tags?post=13203"},{"taxonomy":"posicao","embeddable":true,"href":"https:\/\/cajamar.sp.gov.br\/noticias\/wp-json\/wp\/v2\/posicao?post=13203"}],"curies":[{"name":"wp","href":"https:\/\/api.w.org\/{rel}","templated":true}]}}