{"id":13210,"date":"2019-10-03T15:37:15","date_gmt":"2019-10-03T18:37:15","guid":{"rendered":"http:\/\/wphomologa.cijun.sp.gov.br\/STIMPREN\/?p=13210"},"modified":"2019-10-31T17:05:27","modified_gmt":"2019-10-31T19:05:27","slug":"tem-inicio-a-ix-feira-tecnico-cientifico-cultural-da-etec","status":"publish","type":"post","link":"https:\/\/cajamar.sp.gov.br\/noticias\/2019\/10\/03\/tem-inicio-a-ix-feira-tecnico-cientifico-cultural-da-etec\/","title":{"rendered":"Tem in\u00edcio a IX Feira T\u00e9cnico Cient\u00edfico Cultural da ETEC"},"content":{"rendered":"\n<figure class=\"wp-block-image\"><img decoding=\"async\" src=\"https:\/\/cajamar.sp.gov.br\/wp-content\/uploads\/arquivo\/img6052a.jpg\" alt=\"\"\/><\/figure>\n\n\n\n<figure class=\"wp-block-embed-soundcloud wp-block-embed is-type-rich is-provider-soundcloud wp-embed-aspect-4-3 wp-has-aspect-ratio\"><div class=\"wp-block-embed__wrapper\">\nhttps:\/\/soundcloud.com\/prefeituradecajamar\/tem-inicio-a-ix-feira-tecnico-cientifico-cultural-da-etec\n<\/div><\/figure>\n\n\n\n<p>Teve in\u00edcio nesta quinta-feira (3), a 9\u00aa edi\u00e7\u00e3o da Feira T\u00e9cnico Cient\u00edfico Cultural da ETEC Gino Rezaghi, que nesta edi\u00e7\u00e3o teve como tema &#8220;A Vida \u00e9 um Jogo&#8221;.<\/p>\n\n\n\n<p>Com objetivo de ampliar o conhecimento dos alunos, o tradicional evento \u00e9 uma ferramenta para os estudantes se aprofundarem no tema e ainda relacion\u00e1-los para sua \u00e1rea de forma\u00e7\u00e3o.<\/p>\n\n\n\n<p>Nesta edi\u00e7\u00e3o os alunos puderam relatar, atrav\u00e9s dos jogos e exposi\u00e7\u00f5es com nomes conhecidos do game, a realidade da vida.<\/p>\n\n\n\n<p>Todas as exposi\u00e7\u00f5es da IX Feira s\u00e3o realizadas pelos alunos dos cursos do Ensino M\u00e9dio, Inform\u00e1tica integrado ao Ensino M\u00e9dio, Administra\u00e7\u00e3o, Log\u00edstica, Recursos Humanos e Seguran\u00e7a do Trabalho, que al\u00e9m das exposi\u00e7\u00f5es nas salas de aula, tamb\u00e9m realizaram apresenta\u00e7\u00f5es no p\u00e1tio da escola.<\/p>\n\n\n\n<p>O Prefeito de Cajamar, Danilo Joan, acompanhou a abertura da feira nesta manh\u00e3 de quinta-feira (3). &#8220;Que alegria poder acompanhar a abertura da feira e acompanhar uma parte dos milhares de jovens que ser\u00e3o o futuro de nossa cidade. Estou muito feliz por estar aqui e mais feliz ainda por acompanhar o magnifico trabalho que todos da Etec, alunos e professores, vem realizando, mostrando comprometimento e compet\u00eancia com os trabalhos e estudos&#8221; &#8211; disse o prefeito.<\/p>\n\n\n\n<p>A Feira acontece at\u00e9 esta sexta-feira (4), e as exposi\u00e7\u00f5es acontecem das 8h \u00e0s 21h. Outras informa\u00e7\u00f5es podem ser obtidas por meio do telefone 4447-3326.<\/p>\n\n\n\n<p>IX Feira T\u00e9cnico Cient\u00edfico Cultural<br>Tema: A Vida \u00c9 Um Jogo <br>Dias: 3 e 4 de outubro <br>Hor\u00e1rio da exposi\u00e7\u00e3o: 8h \u00e0s 21h <br>Local: ETEC Gino Rezaghi <br>Endere\u00e7o: Av. Aruj\u00e1, 175.<\/p>\n\n\n\n<ul class=\"wp-block-gallery columns-2 is-cropped wp-block-gallery-1 is-layout-flex wp-block-gallery-is-layout-flex\">\n\n<li class=\"blocks-gallery-item\">\n\n<figure>\n\n<img decoding=\"async\" src=\"https:\/\/cajamar.sp.gov.br\/wp-content\/uploads\/arquivo\/img6052b.jpg\" \/>\n\n<figcaption><\/figcaption>\n\n<\/figure>\n\n<\/li>\n\n\n\n<li class=\"blocks-gallery-item\">\n\n<figure>\n\n<img decoding=\"async\" src=\"https:\/\/cajamar.sp.gov.br\/wp-content\/uploads\/arquivo\/img6052c.jpg\" \/>\n\n<figcaption><\/figcaption>\n\n<\/figure>\n\n<\/li>\n\n\n\n<\/ul>\n","protected":false},"excerpt":{"rendered":"<p>Feira acontece at\u00e9 sexta-feira (4), das 8h \u00e0s 21h<\/p>\n","protected":false},"author":5,"featured_media":0,"comment_status":"open","ping_status":"open","sticky":false,"template":"","format":"standard","meta":{"footnotes":""},"categories":[12],"tags":[],"posicao":[],"class_list":["post-13210","post","type-post","status-publish","format-standard","hentry","category-cultura"],"_links":{"self":[{"href":"https:\/\/cajamar.sp.gov.br\/noticias\/wp-json\/wp\/v2\/posts\/13210","targetHints":{"allow":["GET"]}}],"collection":[{"href":"https:\/\/cajamar.sp.gov.br\/noticias\/wp-json\/wp\/v2\/posts"}],"about":[{"href":"https:\/\/cajamar.sp.gov.br\/noticias\/wp-json\/wp\/v2\/types\/post"}],"author":[{"embeddable":true,"href":"https:\/\/cajamar.sp.gov.br\/noticias\/wp-json\/wp\/v2\/users\/5"}],"replies":[{"embeddable":true,"href":"https:\/\/cajamar.sp.gov.br\/noticias\/wp-json\/wp\/v2\/comments?post=13210"}],"version-history":[{"count":1,"href":"https:\/\/cajamar.sp.gov.br\/noticias\/wp-json\/wp\/v2\/posts\/13210\/revisions"}],"predecessor-version":[{"id":13270,"href":"https:\/\/cajamar.sp.gov.br\/noticias\/wp-json\/wp\/v2\/posts\/13210\/revisions\/13270"}],"wp:attachment":[{"href":"https:\/\/cajamar.sp.gov.br\/noticias\/wp-json\/wp\/v2\/media?parent=13210"}],"wp:term":[{"taxonomy":"category","embeddable":true,"href":"https:\/\/cajamar.sp.gov.br\/noticias\/wp-json\/wp\/v2\/categories?post=13210"},{"taxonomy":"post_tag","embeddable":true,"href":"https:\/\/cajamar.sp.gov.br\/noticias\/wp-json\/wp\/v2\/tags?post=13210"},{"taxonomy":"posicao","embeddable":true,"href":"https:\/\/cajamar.sp.gov.br\/noticias\/wp-json\/wp\/v2\/posicao?post=13210"}],"curies":[{"name":"wp","href":"https:\/\/api.w.org\/{rel}","templated":true}]}}