{"id":13215,"date":"2019-10-04T15:31:24","date_gmt":"2019-10-04T18:31:24","guid":{"rendered":"http:\/\/wphomologa.cijun.sp.gov.br\/STIMPREN\/?p=13215"},"modified":"2019-10-31T17:50:03","modified_gmt":"2019-10-31T19:50:03","slug":"eleicao-do-conselho-tutelar-acontecera-neste-domingo-06","status":"publish","type":"post","link":"https:\/\/cajamar.sp.gov.br\/noticias\/2019\/10\/04\/eleicao-do-conselho-tutelar-acontecera-neste-domingo-06\/","title":{"rendered":"Elei\u00e7\u00e3o do Conselho Tutelar acontecer\u00e1 neste domingo (06)"},"content":{"rendered":"\n<figure class=\"wp-block-image\"><img decoding=\"async\" src=\"https:\/\/cajamar.sp.gov.br\/wp-content\/uploads\/arquivo\/img6058a.jpg\" alt=\"\"\/><\/figure>\n\n\n\n<figure class=\"wp-block-embed-soundcloud wp-block-embed is-type-rich is-provider-soundcloud wp-embed-aspect-4-3 wp-has-aspect-ratio\"><div class=\"wp-block-embed__wrapper\">\nhttps:\/\/soundcloud.com\/prefeituradecajamar\/eleicao-do-conselho-tutelar-acontecera-neste-domingo-06\n<\/div><\/figure>\n\n\n\n<p>O CMDCA \u2013 Conselho Municipal dos Direitos da Crian\u00e7a e do Adolescente, em conjunto com a SMDS \u2013 Secretaria Municipal de Desenvolvimento Social, e apoio das demais Secretarias da municipalidade, realizar\u00e3o a elei\u00e7\u00e3o para novos integrantes do Conselho Tutelar de Cajamar.<\/p>\n\n\n\n<p>A elei\u00e7\u00e3o acontecer\u00e1 neste domingo, das 9h \u00e0s 17h, em cinco escolas do munic\u00edpio. Os novos conselheiros ser\u00e3o respons\u00e1veis pela efetiva\u00e7\u00e3o dos direitos de crian\u00e7as e adolescentes durante o mandato de 1\u00ba de janeiro de 2020 at\u00e9 31 de dezembro de 2023.<\/p>\n\n\n\n<p>Para votar o eleitor de Cajamar, maior de 16 anos, deve apresentar o t\u00edtulo de eleitor e documento com foto.<\/p>\n\n\n\n<p>Confira os locais de vota\u00e7\u00e3o:<\/p>\n\n\n\n<ul class=\"wp-block-list\"><li>Jordan\u00e9sia: EMEB Ant\u00f4nio Pinto de Campos<\/li><li>Cajamar-Centro: EMEB Veneranda de Freitas<\/li><li>Polvilho: EMEB Jardim S\u00e3o Luiz<\/li><li>Ponunduva: EMEB Dem\u00e9trio Rodrigues Pontes<\/li><li>KM 43: EMEB Guilhermina do Couto Oliveira<\/li><\/ul>\n\n\n\n<p>Compare\u00e7a voc\u00ea tamb\u00e9m!<\/p>\n\n\n\n<figure class=\"wp-block-image\"><img decoding=\"async\" src=\"https:\/\/www.cajamar.sp.gov.br\/portal\/newsimg\/img6058b.jpg\" alt=\"\" class=\"wp-image-32819\"\/><\/figure>\n","protected":false},"excerpt":{"rendered":"<p>Para votar o eleitor de Cajamar, maior de 16 anos, deve apresentar o t\u00edtulo de eleitor e documento com foto.<\/p>\n","protected":false},"author":5,"featured_media":0,"comment_status":"open","ping_status":"open","sticky":false,"template":"","format":"standard","meta":{"footnotes":""},"categories":[4],"tags":[],"posicao":[],"class_list":["post-13215","post","type-post","status-publish","format-standard","hentry","category-social"],"_links":{"self":[{"href":"https:\/\/cajamar.sp.gov.br\/noticias\/wp-json\/wp\/v2\/posts\/13215","targetHints":{"allow":["GET"]}}],"collection":[{"href":"https:\/\/cajamar.sp.gov.br\/noticias\/wp-json\/wp\/v2\/posts"}],"about":[{"href":"https:\/\/cajamar.sp.gov.br\/noticias\/wp-json\/wp\/v2\/types\/post"}],"author":[{"embeddable":true,"href":"https:\/\/cajamar.sp.gov.br\/noticias\/wp-json\/wp\/v2\/users\/5"}],"replies":[{"embeddable":true,"href":"https:\/\/cajamar.sp.gov.br\/noticias\/wp-json\/wp\/v2\/comments?post=13215"}],"version-history":[{"count":1,"href":"https:\/\/cajamar.sp.gov.br\/noticias\/wp-json\/wp\/v2\/posts\/13215\/revisions"}],"predecessor-version":[{"id":13273,"href":"https:\/\/cajamar.sp.gov.br\/noticias\/wp-json\/wp\/v2\/posts\/13215\/revisions\/13273"}],"wp:attachment":[{"href":"https:\/\/cajamar.sp.gov.br\/noticias\/wp-json\/wp\/v2\/media?parent=13215"}],"wp:term":[{"taxonomy":"category","embeddable":true,"href":"https:\/\/cajamar.sp.gov.br\/noticias\/wp-json\/wp\/v2\/categories?post=13215"},{"taxonomy":"post_tag","embeddable":true,"href":"https:\/\/cajamar.sp.gov.br\/noticias\/wp-json\/wp\/v2\/tags?post=13215"},{"taxonomy":"posicao","embeddable":true,"href":"https:\/\/cajamar.sp.gov.br\/noticias\/wp-json\/wp\/v2\/posicao?post=13215"}],"curies":[{"name":"wp","href":"https:\/\/api.w.org\/{rel}","templated":true}]}}