{"id":21588,"date":"2019-10-11T12:40:49","date_gmt":"2019-10-11T15:40:49","guid":{"rendered":"http:\/\/wphomologa.cijun.sp.gov.br\/STIMPREN\/2019\/10\/alunos-da-emeb-antonio-pinto-realizam-projeto-interdisciplinar-na-camara\/"},"modified":"2019-10-11T12:40:49","modified_gmt":"2019-10-11T15:40:49","slug":"alunos-da-emeb-antonio-pinto-realizam-projeto-interdisciplinar-na-camara","status":"publish","type":"post","link":"https:\/\/cajamar.sp.gov.br\/noticias\/2019\/10\/11\/alunos-da-emeb-antonio-pinto-realizam-projeto-interdisciplinar-na-camara\/","title":{"rendered":"Alunos da EMEB Ant\u00f4nio Pinto realizam Projeto Interdisciplinar na C\u00e2mara"},"content":{"rendered":"<!-- id:6071 -->\n\n<div class=\"wp-block-image\">\n<figure class=\"aligncenter\">\n<img decoding=\"async\" src=\"https:\/\/cajamar.sp.gov.br\/wp-content\/uploads\/arquivo\/img6071a.jpg\" \/>\n\n<\/figure>\n<\/div>\n\n\nA EMEB Ant\u00f4nio Pinto de Campos realizou na \u00faltima sexta-feira (4), na C\u00e2mara Municipal, o Projeto Interdisciplinar &#8220;Jovens Debatedores&#8221;, cujo objetivo foi trocar ideias e apresentar argumentos com o tema \u201cAmaz\u00f4nia\u201d.\n\nO projeto consistiu na divis\u00e3o das tr\u00eas salas em seis grupos (cada sala 2 grupos), cada um representaria um pa\u00eds membro da ONU, sendo:\nBrasil, Estados Unidos, Alemanha, Fran\u00e7a, Jap\u00e3o e Na\u00e7\u00f5es Ind\u00edgenas (mesmo n\u00e3o sendo um pa\u00eds, pelo fato da sua import\u00e2ncia e da problem\u00e1tica do tema), discutindo a responsabilidade dos pa\u00edses no processo de desmatamento n\u00e3o s\u00f3 na Amaz\u00f4nia, mas no restante do mundo.\n \nPara se prepararem para a apresenta\u00e7\u00e3o, durante o m\u00eas de setembro os alunos realizaram atividades voltadas para o tema, sendo realizados alguns treinos na escola at\u00e9 o dia da apresenta\u00e7\u00e3o na C\u00e2mara. Participaram alunos de tr\u00eas salas com m\u00e9dia de 38 alunos cada, objetivando o trabalho com a oralidade, pesquisa, trabalho em equipe, senso cr\u00edtico e solu\u00e7\u00f5es de problemas.\n\n&#8220;No projeto, os estudantes puderam construir um saber, reconhecendo sua estrutura predominantemente argumentativa, visto que debater n\u00e3o \u00e9 simplesmente trocar opini\u00f5es, mas pensar e refletir sobre um tema importante para uma determinada comunidade, em um determinado contexto social, posicionando-se sobre ele, construindo argumentos que ajudem na defesa desse posicionamento e, sobretudo, contribua para que o interlocutor seja persuadido a crer no que est\u00e1 sendo dito&#8221; &#8211; disse Rafaela Soares Souza, professora de Hist\u00f3ria da EMEB Antonio Pinto de Campos, idealizadora do projeto. \n\nO trabalho tamb\u00e9m contou com a participa\u00e7\u00e3o dos professores Marcos Cotrim, Almiria M\u00e1rcia Prado e J\u00e9sus.\n\n<!-- galeria:6071 -->\n\n<ul class=\"wp-block-gallery columns-2 is-cropped wp-block-gallery-1 is-layout-flex wp-block-gallery-is-layout-flex\">\n\n<li class=\"blocks-gallery-item\">\n\n<figure>\n\n<img decoding=\"async\" src=\"https:\/\/cajamar.sp.gov.br\/wp-content\/uploads\/arquivo\/img6071b.jpg\" \/>\n\n<figcaption><\/figcaption>\n\n<\/figure>\n\n<\/li>\n\n\n\n<li class=\"blocks-gallery-item\">\n\n<figure>\n\n<img decoding=\"async\" src=\"https:\/\/cajamar.sp.gov.br\/wp-content\/uploads\/arquivo\/img6071c.jpg\" \/>\n\n<figcaption><\/figcaption>\n\n<\/figure>\n\n<\/li>\n\n\n\n<\/ul>\n\n\n","protected":false},"excerpt":{"rendered":"<p>O objetivo foi trocar ideias e apresentar argumentos com o tema Amaz\u00f4nia.<\/p>\n","protected":false},"author":5,"featured_media":0,"comment_status":"open","ping_status":"open","sticky":false,"template":"","format":"standard","meta":{"footnotes":""},"categories":[8],"tags":[],"posicao":[],"class_list":["post-21588","post","type-post","status-publish","format-standard","hentry","category-educacao"],"_links":{"self":[{"href":"https:\/\/cajamar.sp.gov.br\/noticias\/wp-json\/wp\/v2\/posts\/21588","targetHints":{"allow":["GET"]}}],"collection":[{"href":"https:\/\/cajamar.sp.gov.br\/noticias\/wp-json\/wp\/v2\/posts"}],"about":[{"href":"https:\/\/cajamar.sp.gov.br\/noticias\/wp-json\/wp\/v2\/types\/post"}],"author":[{"embeddable":true,"href":"https:\/\/cajamar.sp.gov.br\/noticias\/wp-json\/wp\/v2\/users\/5"}],"replies":[{"embeddable":true,"href":"https:\/\/cajamar.sp.gov.br\/noticias\/wp-json\/wp\/v2\/comments?post=21588"}],"version-history":[{"count":0,"href":"https:\/\/cajamar.sp.gov.br\/noticias\/wp-json\/wp\/v2\/posts\/21588\/revisions"}],"wp:attachment":[{"href":"https:\/\/cajamar.sp.gov.br\/noticias\/wp-json\/wp\/v2\/media?parent=21588"}],"wp:term":[{"taxonomy":"category","embeddable":true,"href":"https:\/\/cajamar.sp.gov.br\/noticias\/wp-json\/wp\/v2\/categories?post=21588"},{"taxonomy":"post_tag","embeddable":true,"href":"https:\/\/cajamar.sp.gov.br\/noticias\/wp-json\/wp\/v2\/tags?post=21588"},{"taxonomy":"posicao","embeddable":true,"href":"https:\/\/cajamar.sp.gov.br\/noticias\/wp-json\/wp\/v2\/posicao?post=21588"}],"curies":[{"name":"wp","href":"https:\/\/api.w.org\/{rel}","templated":true}]}}