{"id":21596,"date":"2019-10-16T09:33:42","date_gmt":"2019-10-16T12:33:42","guid":{"rendered":"http:\/\/wphomologa.cijun.sp.gov.br\/STIMPREN\/2019\/10\/secretaria-de-saude-realiza-o-dia-d-contra-sarampo\/"},"modified":"2019-10-16T09:33:42","modified_gmt":"2019-10-16T12:33:42","slug":"secretaria-de-saude-realiza-o-dia-d-contra-sarampo","status":"publish","type":"post","link":"https:\/\/cajamar.sp.gov.br\/noticias\/2019\/10\/16\/secretaria-de-saude-realiza-o-dia-d-contra-sarampo\/","title":{"rendered":"Secretaria de Sa\u00fade realiza o Dia D contra Sarampo"},"content":{"rendered":"<!-- id:6082 -->\n\n<div class=\"wp-block-image\">\n<figure class=\"aligncenter\">\n<img decoding=\"async\" src=\"https:\/\/cajamar.sp.gov.br\/wp-content\/uploads\/arquivo\/img6082a.jpg\" \/>\n\n<\/figure>\n<\/div>\n\n\nA Prefeitura de Cajamar, por meio da Secretaria da Sa\u00fade, far\u00e1 o dia D contra Sarampo no pr\u00f3ximo s\u00e1bado (19). As equipes de sa\u00fade estar\u00e3o realizando o atendimento nas UBSs e PSFs, das 8h \u00e0s 17h. Desta vez, a campanha tem como p\u00fablico alvo crian\u00e7as entre 6 meses \u00e0 4 anos 11 meses e 29 dias. \u00c9 importante que os pais ou respons\u00e1veis n\u00e3o se esque\u00e7am da caderneta de vacina\u00e7\u00e3o e documento da crian\u00e7a. \n\nA vacina \u00e9 a forma mais eficaz de combater a doen\u00e7a. A Secretaria de Sa\u00fade refor\u00e7a que \u00e9 necess\u00e1rio manter todas as vacinas em dia para combater os riscos de doen\u00e7as graves. Todas as crian\u00e7as que precisam ser imunizadas poder\u00e3o ser encaminhadas at\u00e9 uma Unidade B\u00e1sica de Sa\u00fade mais pr\u00f3xima de sua resid\u00eancia para se vacinar.\n\nSarampo \u00e9 uma doen\u00e7a viral aguda altamente transmiss\u00edvel que pode dar complica\u00e7\u00f5es como otite m\u00e9dia aguda, pneumonia bacteriana, laringite e laringotraque\u00edte, doen\u00e7as card\u00edacas e at\u00e9 matar. \u00c9 transmitida por fala, tosse ou espirro e por via a\u00e9rea. Os principais sintomas s\u00e3o febre alta, mal-estar, coriza, conjuntivite, tosse e falta de apetite. Depois aparecem manchas vermelhas na pele, que s\u00e3o a maior caracter\u00edstica da doen\u00e7a. \n\nUnidades de Sa\u00fade para vacinar no dia D:\n\n&#8211; UBS Jordan\u00e9sia\nEndere\u00e7o: Av. Dr. Jo\u00e3o Abdalla 850\n\n&#8211; UBS Polvilho\nEndere\u00e7o: Rua Timburi 121, Polvilho\n\n&#8211; PSF Pq Maria Aparecida\nEndere\u00e7o: R. Jos\u00e9 Isidro de Oliveira, 259\n\n&#8211; PSF Cajamar-Centro\nEndere\u00e7o: Av. Prof. Walter Ribas de Andrade, 544, Centro\n\n&#8211; PSF Ponunduva\nEndere\u00e7o: Rua Itapevi 203, Ponunduva\n\n&#8211; PSF KM 43\nEndere\u00e7o:  Av. das Nascentes 518, Bairro do S\u00e3o Benedito\n\nHor\u00e1rio de atendimento: 8h \u00e0s 17h.\n\n<!-- galeria:6082 -->","protected":false},"excerpt":{"rendered":"<p>Campanha de Vacina\u00e7\u00e3o acontece neste s\u00e1bado (19) para crian\u00e7as de 6 meses \u00e0 5 anos<\/p>\n","protected":false},"author":5,"featured_media":0,"comment_status":"open","ping_status":"open","sticky":false,"template":"","format":"standard","meta":{"footnotes":""},"categories":[2],"tags":[],"posicao":[],"class_list":["post-21596","post","type-post","status-publish","format-standard","hentry","category-saude"],"_links":{"self":[{"href":"https:\/\/cajamar.sp.gov.br\/noticias\/wp-json\/wp\/v2\/posts\/21596","targetHints":{"allow":["GET"]}}],"collection":[{"href":"https:\/\/cajamar.sp.gov.br\/noticias\/wp-json\/wp\/v2\/posts"}],"about":[{"href":"https:\/\/cajamar.sp.gov.br\/noticias\/wp-json\/wp\/v2\/types\/post"}],"author":[{"embeddable":true,"href":"https:\/\/cajamar.sp.gov.br\/noticias\/wp-json\/wp\/v2\/users\/5"}],"replies":[{"embeddable":true,"href":"https:\/\/cajamar.sp.gov.br\/noticias\/wp-json\/wp\/v2\/comments?post=21596"}],"version-history":[{"count":0,"href":"https:\/\/cajamar.sp.gov.br\/noticias\/wp-json\/wp\/v2\/posts\/21596\/revisions"}],"wp:attachment":[{"href":"https:\/\/cajamar.sp.gov.br\/noticias\/wp-json\/wp\/v2\/media?parent=21596"}],"wp:term":[{"taxonomy":"category","embeddable":true,"href":"https:\/\/cajamar.sp.gov.br\/noticias\/wp-json\/wp\/v2\/categories?post=21596"},{"taxonomy":"post_tag","embeddable":true,"href":"https:\/\/cajamar.sp.gov.br\/noticias\/wp-json\/wp\/v2\/tags?post=21596"},{"taxonomy":"posicao","embeddable":true,"href":"https:\/\/cajamar.sp.gov.br\/noticias\/wp-json\/wp\/v2\/posicao?post=21596"}],"curies":[{"name":"wp","href":"https:\/\/api.w.org\/{rel}","templated":true}]}}