{"id":21629,"date":"2019-10-25T17:55:59","date_gmt":"2019-10-25T20:55:59","guid":{"rendered":"http:\/\/wphomologa.cijun.sp.gov.br\/STIMPREN\/2019\/10\/desenvolvimento-social-participa-do-iii-seminario-de-acolhimento-familiar\/"},"modified":"2019-10-25T17:55:59","modified_gmt":"2019-10-25T20:55:59","slug":"desenvolvimento-social-participa-do-iii-seminario-de-acolhimento-familiar","status":"publish","type":"post","link":"https:\/\/cajamar.sp.gov.br\/noticias\/2019\/10\/25\/desenvolvimento-social-participa-do-iii-seminario-de-acolhimento-familiar\/","title":{"rendered":"Desenvolvimento Social participa do III Semin\u00e1rio de Acolhimento Familiar"},"content":{"rendered":"<!-- id:6116 -->\n\n<div class=\"wp-block-image\">\n<figure class=\"aligncenter\">\n<img decoding=\"async\" src=\"https:\/\/cajamar.sp.gov.br\/wp-content\/uploads\/arquivo\/img6116a.jpg\" \/>\n\n<\/figure>\n<\/div>\n\n\nNos dias 21, 22 e 23 de outubro, a Secretaria de Desenvolvimento Social participou do III Semin\u00e1rio Internacional de Acolhimento Familiar na Pontif\u00edcia Universidade Cat\u00f3lica de Campinas &#8211; PUC, o qual teve como objetivo promover reflex\u00f5es e conhecimento sobre o Acolhimento Familiar atrav\u00e9s de depoimentos, experi\u00eancias, casos exitosos e discuss\u00f5es.\n \nO semin\u00e1rio contou com a presen\u00e7a de especialistas nacionais e internacionais, inclusive de pa\u00edses como Portugal e Estados Unidos e de diferentes \u00e1reas do setor p\u00fablico e privado, os quais abordaram o tema sob diversos pontos de vistas, assim como por meio de outras \u00e1reas do conhecimento, tais como direito, neuroci\u00eancia, psicologia, entre outros.\n \nVale destacar, que na oportunidade foi poss\u00edvel aprofundar tanto no campo do saber pr\u00e1tico, como te\u00f3rico, al\u00e9m de trocas de experi\u00eancias entre os participantes, atrav\u00e9s de palestras, debates e oficinas, fortalecendo a imensa rede socioassistencial que atua na prote\u00e7\u00e3o de crian\u00e7as e adolescentes.\n\n<!-- galeria:6116 -->\n\n<ul class=\"wp-block-gallery columns-2 is-cropped wp-block-gallery-1 is-layout-flex wp-block-gallery-is-layout-flex\">\n\n<li class=\"blocks-gallery-item\">\n\n<figure>\n\n<img decoding=\"async\" src=\"https:\/\/cajamar.sp.gov.br\/wp-content\/uploads\/arquivo\/img6116b.jpg\" \/>\n\n<figcaption><\/figcaption>\n\n<\/figure>\n\n<\/li>\n\n\n\n<li class=\"blocks-gallery-item\">\n\n<figure>\n\n<img decoding=\"async\" src=\"https:\/\/cajamar.sp.gov.br\/wp-content\/uploads\/arquivo\/img6116c.jpg\" \/>\n\n<figcaption><\/figcaption>\n\n<\/figure>\n\n<\/li>\n\n\n\n<\/ul>\n\n\n","protected":false},"excerpt":{"rendered":"<p>Secretaria participou do evento internacional de acolhimento familiar na PUC de Campinas<\/p>\n","protected":false},"author":5,"featured_media":0,"comment_status":"open","ping_status":"open","sticky":false,"template":"","format":"standard","meta":{"footnotes":""},"categories":[4],"tags":[],"posicao":[],"class_list":["post-21629","post","type-post","status-publish","format-standard","hentry","category-social"],"_links":{"self":[{"href":"https:\/\/cajamar.sp.gov.br\/noticias\/wp-json\/wp\/v2\/posts\/21629","targetHints":{"allow":["GET"]}}],"collection":[{"href":"https:\/\/cajamar.sp.gov.br\/noticias\/wp-json\/wp\/v2\/posts"}],"about":[{"href":"https:\/\/cajamar.sp.gov.br\/noticias\/wp-json\/wp\/v2\/types\/post"}],"author":[{"embeddable":true,"href":"https:\/\/cajamar.sp.gov.br\/noticias\/wp-json\/wp\/v2\/users\/5"}],"replies":[{"embeddable":true,"href":"https:\/\/cajamar.sp.gov.br\/noticias\/wp-json\/wp\/v2\/comments?post=21629"}],"version-history":[{"count":0,"href":"https:\/\/cajamar.sp.gov.br\/noticias\/wp-json\/wp\/v2\/posts\/21629\/revisions"}],"wp:attachment":[{"href":"https:\/\/cajamar.sp.gov.br\/noticias\/wp-json\/wp\/v2\/media?parent=21629"}],"wp:term":[{"taxonomy":"category","embeddable":true,"href":"https:\/\/cajamar.sp.gov.br\/noticias\/wp-json\/wp\/v2\/categories?post=21629"},{"taxonomy":"post_tag","embeddable":true,"href":"https:\/\/cajamar.sp.gov.br\/noticias\/wp-json\/wp\/v2\/tags?post=21629"},{"taxonomy":"posicao","embeddable":true,"href":"https:\/\/cajamar.sp.gov.br\/noticias\/wp-json\/wp\/v2\/posicao?post=21629"}],"curies":[{"name":"wp","href":"https:\/\/api.w.org\/{rel}","templated":true}]}}