{"id":21645,"date":"2019-11-04T16:42:07","date_gmt":"2019-11-04T19:42:07","guid":{"rendered":"http:\/\/wphomologa.cijun.sp.gov.br\/STIMPREN\/2019\/11\/saudade-oracoes-e-homenagens-marcam-o-dia-de-finados-em-cajamar\/"},"modified":"2019-11-04T16:42:07","modified_gmt":"2019-11-04T19:42:07","slug":"saudade-oracoes-e-homenagens-marcam-o-dia-de-finados-em-cajamar","status":"publish","type":"post","link":"https:\/\/cajamar.sp.gov.br\/noticias\/2019\/11\/04\/saudade-oracoes-e-homenagens-marcam-o-dia-de-finados-em-cajamar\/","title":{"rendered":"Saudade, ora\u00e7\u00f5es e homenagens marcam o Dia de Finados em Cajamar"},"content":{"rendered":"<!-- id:6132 -->\n\n<div class=\"wp-block-image\">\n<figure class=\"aligncenter\">\n<img decoding=\"async\" src=\"https:\/\/cajamar.sp.gov.br\/wp-content\/uploads\/arquivo\/img6132a.jpg\" \/>\n\n<\/figure>\n<\/div>\n\n\nCentenas de pessoas visitaram o Cemit\u00e9rio Municipal de Cajamar neste s\u00e1bado, dia 2, para homenagear e lembrar de parentes e amigos que j\u00e1 morreram. O movimento foi grande na parte da manh\u00e3 e no final da tarde. Mais de quatro mil pessoas visitaram o local.\n\nSegundo a gerente do cemit\u00e9rio, D\u00e9bora Gomes, a grande concentra\u00e7\u00e3o de pessoas aconteceu \u00e0s 10h, quando foi celebrada a segunda Missa Campal do dia. \u201cTivemos uma movimenta\u00e7\u00e3o intensa durante a manh\u00e3 e no final da tarde, apesar do sol forte recebemos um grande n\u00famero de moradores que vieram homenagear seus entes queridos\u201d, disse D\u00e9bora.\n\nNeste ano o Cemit\u00e9rio Municipal passou por importantes reformas, entre elas, a revitaliza\u00e7\u00e3o da Capela que ganhou um destaque especial com papel parede contendo imagens, limpeza e pintura do cemit\u00e9rio, incluindo a \u00e1rea interna e externa, troca das lumin\u00e1rias com a instala\u00e7\u00e3o de postes de ilumina\u00e7\u00e3o, 150 l\u00e2mpadas e refletores, al\u00e9m da substitui\u00e7\u00e3o das fachadas e dos pain\u00e9is de sinaliza\u00e7\u00e3o.\n\nHouve tamb\u00e9m barracas de alimenta\u00e7\u00e3o e floricultura. Durante o per\u00edodo de visitas as equipes da Diretoria de Tr\u00e2nsito estiveram presentes oferecendo o suporte necess\u00e1rio, sinalizando e fiscalizando o tr\u00e2nsito nas imedia\u00e7\u00f5es do cemit\u00e9rio.\n\n<!-- galeria:6132 -->\n\n<ul class=\"wp-block-gallery columns-2 is-cropped wp-block-gallery-1 is-layout-flex wp-block-gallery-is-layout-flex\">\n\n<li class=\"blocks-gallery-item\">\n\n<figure>\n\n<img decoding=\"async\" src=\"https:\/\/cajamar.sp.gov.br\/wp-content\/uploads\/arquivo\/img6132b.jpg\" \/>\n\n<figcaption><\/figcaption>\n\n<\/figure>\n\n<\/li>\n\n\n\n<li class=\"blocks-gallery-item\">\n\n<figure>\n\n<img decoding=\"async\" src=\"https:\/\/cajamar.sp.gov.br\/wp-content\/uploads\/arquivo\/img6132c.jpg\" \/>\n\n<figcaption><\/figcaption>\n\n<\/figure>\n\n<\/li>\n\n\n\n<li class=\"blocks-gallery-item\">\n\n<figure>\n\n<img decoding=\"async\" src=\"https:\/\/cajamar.sp.gov.br\/wp-content\/uploads\/arquivo\/img6132d.jpg\" \/>\n\n<figcaption><\/figcaption>\n\n<\/figure>\n\n<\/li>\n\n\n\n<li class=\"blocks-gallery-item\">\n\n<figure>\n\n<img decoding=\"async\" src=\"https:\/\/cajamar.sp.gov.br\/wp-content\/uploads\/arquivo\/img6132e.jpg\" \/>\n\n<figcaption><\/figcaption>\n\n<\/figure>\n\n<\/li>\n\n\n\n<li class=\"blocks-gallery-item\">\n\n<figure>\n\n<img decoding=\"async\" src=\"https:\/\/cajamar.sp.gov.br\/wp-content\/uploads\/arquivo\/img6132f.jpg\" \/>\n\n<figcaption><\/figcaption>\n\n<\/figure>\n\n<\/li>\n\n\n\n<\/ul>\n\n\n","protected":false},"excerpt":{"rendered":"<p>O movimento foi grande na parte da manh\u00e3 e no final da tarde. Mais de quatro mil pessoas visitaram o local no \u00faltimo s\u00e1bado (2)<\/p>\n","protected":false},"author":5,"featured_media":0,"comment_status":"open","ping_status":"open","sticky":false,"template":"","format":"standard","meta":{"footnotes":""},"categories":[1],"tags":[],"posicao":[],"class_list":["post-21645","post","type-post","status-publish","format-standard","hentry","category-noticias"],"_links":{"self":[{"href":"https:\/\/cajamar.sp.gov.br\/noticias\/wp-json\/wp\/v2\/posts\/21645","targetHints":{"allow":["GET"]}}],"collection":[{"href":"https:\/\/cajamar.sp.gov.br\/noticias\/wp-json\/wp\/v2\/posts"}],"about":[{"href":"https:\/\/cajamar.sp.gov.br\/noticias\/wp-json\/wp\/v2\/types\/post"}],"author":[{"embeddable":true,"href":"https:\/\/cajamar.sp.gov.br\/noticias\/wp-json\/wp\/v2\/users\/5"}],"replies":[{"embeddable":true,"href":"https:\/\/cajamar.sp.gov.br\/noticias\/wp-json\/wp\/v2\/comments?post=21645"}],"version-history":[{"count":0,"href":"https:\/\/cajamar.sp.gov.br\/noticias\/wp-json\/wp\/v2\/posts\/21645\/revisions"}],"wp:attachment":[{"href":"https:\/\/cajamar.sp.gov.br\/noticias\/wp-json\/wp\/v2\/media?parent=21645"}],"wp:term":[{"taxonomy":"category","embeddable":true,"href":"https:\/\/cajamar.sp.gov.br\/noticias\/wp-json\/wp\/v2\/categories?post=21645"},{"taxonomy":"post_tag","embeddable":true,"href":"https:\/\/cajamar.sp.gov.br\/noticias\/wp-json\/wp\/v2\/tags?post=21645"},{"taxonomy":"posicao","embeddable":true,"href":"https:\/\/cajamar.sp.gov.br\/noticias\/wp-json\/wp\/v2\/posicao?post=21645"}],"curies":[{"name":"wp","href":"https:\/\/api.w.org\/{rel}","templated":true}]}}