{"id":21647,"date":"2019-11-05T15:27:35","date_gmt":"2019-11-05T18:27:35","guid":{"rendered":"http:\/\/wphomologa.cijun.sp.gov.br\/STIMPREN\/2019\/11\/meio-ambiente-discute-temas-ligados-a-arborizacao-urbana\/"},"modified":"2019-11-05T15:27:35","modified_gmt":"2019-11-05T18:27:35","slug":"meio-ambiente-discute-temas-ligados-a-arborizacao-urbana","status":"publish","type":"post","link":"https:\/\/cajamar.sp.gov.br\/noticias\/2019\/11\/05\/meio-ambiente-discute-temas-ligados-a-arborizacao-urbana\/","title":{"rendered":"Meio Ambiente discute temas ligados \u00e0 arboriza\u00e7\u00e3o urbana"},"content":{"rendered":"<!-- id:6134 -->\n\n<div class=\"wp-block-image\">\n<figure class=\"aligncenter\">\n<img decoding=\"async\" src=\"https:\/\/cajamar.sp.gov.br\/wp-content\/uploads\/arquivo\/img6134a.jpg\" \/>\n\n<\/figure>\n<\/div>\n\n\nFoi realizado na manh\u00e3 desta ter\u00e7a-feira (5), uma reuni\u00e3o entre funcion\u00e1rios da Secretaria de Meio Ambiente, Diretoria de Prote\u00e7\u00e3o e Defesa Civil, Ag\u00eancia Paulista dos Agroneg\u00f3cios (APTA), Secretaria Estadual de Agricultura e Abastecimento, juntamente com o Diretor T\u00e9cnico da Unidade Laboratorial de refer\u00eancia em Pragas Urbanas e pesquisador cient\u00edfico do Instituto Biol\u00f3gico (IB), Francisco Jos\u00e9 Zorzenon. \n\nA reuni\u00e3o teve objetivo de apresentar os trabalhos desenvolvidos no instituto \u00e0 arboriza\u00e7\u00e3o urbana, onde foram relatados alguns casos de sucesso de controle de pragas utilizando defensivos naturais e qu\u00edmicos, bem como foram enumerados os diversos tipos de pragas existentes, com foco em cupins e brocas.\n\nDurante a reuni\u00e3o, ficou alinhado, entre o \u00f3rg\u00e3o municipal e o Instituto, a realiza\u00e7\u00e3o de um curso te\u00f3rico e pr\u00e1tico, para capacitar os t\u00e9cnicos no trabalho de identifica\u00e7\u00e3o de pragas urbanas, m\u00e9todos de detec\u00e7\u00e3o das mesmas e avalia\u00e7\u00e3o do estado fitossanit\u00e1rio dos indiv\u00edduos arb\u00f3reos, visando a preven\u00e7\u00e3o de riscos que possam ocorrer no munic\u00edpio.\n\nO curso est\u00e1 previsto para ser realizado entre os dias 09 e 13 de dezembro de 2019, a ser determinado pelo diretor do Instituto Biol\u00f3gico.\n\n<!-- galeria:6134 -->","protected":false},"excerpt":{"rendered":"<p>Durante a reuni\u00e3o, ficou alinhado, entre o \u00f3rg\u00e3o municipal e o Instituto, a realiza\u00e7\u00e3o de um curso te\u00f3rico e pr\u00e1tico, para capacitar os t\u00e9cnicos no trabalho de identifica\u00e7\u00e3o de pragas urbana<\/p>\n","protected":false},"author":5,"featured_media":0,"comment_status":"open","ping_status":"open","sticky":false,"template":"","format":"standard","meta":{"footnotes":""},"categories":[10],"tags":[],"posicao":[],"class_list":["post-21647","post","type-post","status-publish","format-standard","hentry","category-meio-ambiente"],"_links":{"self":[{"href":"https:\/\/cajamar.sp.gov.br\/noticias\/wp-json\/wp\/v2\/posts\/21647","targetHints":{"allow":["GET"]}}],"collection":[{"href":"https:\/\/cajamar.sp.gov.br\/noticias\/wp-json\/wp\/v2\/posts"}],"about":[{"href":"https:\/\/cajamar.sp.gov.br\/noticias\/wp-json\/wp\/v2\/types\/post"}],"author":[{"embeddable":true,"href":"https:\/\/cajamar.sp.gov.br\/noticias\/wp-json\/wp\/v2\/users\/5"}],"replies":[{"embeddable":true,"href":"https:\/\/cajamar.sp.gov.br\/noticias\/wp-json\/wp\/v2\/comments?post=21647"}],"version-history":[{"count":0,"href":"https:\/\/cajamar.sp.gov.br\/noticias\/wp-json\/wp\/v2\/posts\/21647\/revisions"}],"wp:attachment":[{"href":"https:\/\/cajamar.sp.gov.br\/noticias\/wp-json\/wp\/v2\/media?parent=21647"}],"wp:term":[{"taxonomy":"category","embeddable":true,"href":"https:\/\/cajamar.sp.gov.br\/noticias\/wp-json\/wp\/v2\/categories?post=21647"},{"taxonomy":"post_tag","embeddable":true,"href":"https:\/\/cajamar.sp.gov.br\/noticias\/wp-json\/wp\/v2\/tags?post=21647"},{"taxonomy":"posicao","embeddable":true,"href":"https:\/\/cajamar.sp.gov.br\/noticias\/wp-json\/wp\/v2\/posicao?post=21647"}],"curies":[{"name":"wp","href":"https:\/\/api.w.org\/{rel}","templated":true}]}}