{"id":21662,"date":"2019-11-08T16:38:48","date_gmt":"2019-11-08T19:38:48","guid":{"rendered":"http:\/\/wphomologa.cijun.sp.gov.br\/STIMPREN\/2019\/11\/secretaria-de-saude-prepara-acoes-para-novembro-azul\/"},"modified":"2019-11-08T16:38:48","modified_gmt":"2019-11-08T19:38:48","slug":"secretaria-de-saude-prepara-acoes-para-novembro-azul","status":"publish","type":"post","link":"https:\/\/cajamar.sp.gov.br\/noticias\/2019\/11\/08\/secretaria-de-saude-prepara-acoes-para-novembro-azul\/","title":{"rendered":"Secretaria de Sa\u00fade prepara a\u00e7\u00f5es para Novembro Azul"},"content":{"rendered":"<!-- id:6149 -->\n\n<div class=\"wp-block-image\">\n<figure class=\"aligncenter\">\n<img decoding=\"async\" src=\"https:\/\/cajamar.sp.gov.br\/wp-content\/uploads\/arquivo\/img6149a.jpg\" \/>\n\n<\/figure>\n<\/div>\n\n\nA Prefeitura de Cajamar, por meio da Secretaria de Sa\u00fade, preparou uma programa\u00e7\u00e3o para o m\u00eas de novembro, com palestras com o objetivo de ampliar a conscientiza\u00e7\u00e3o, orientando os homens sobre a import\u00e2ncia de realizar os exames para detectar a doen\u00e7a.\n\nA Campanha Novembro azul \u00e9 realizada mundialmente, com a inten\u00e7\u00e3o refor\u00e7ar a import\u00e2ncia da preven\u00e7\u00e3o e do diagn\u00f3stico precoce do c\u00e2ncer de pr\u00f3stata, que atinge milhares de brasileiros a cada ano, por\u00e9m, com o diagn\u00f3stico precoce, a chance de cura \u00e9 muito maior.\n\nConfira a programa\u00e7\u00e3o:\n\nESF S\u00e3o Benedito &#8211; 09\/11\/2019 &#8211; 8h \u00e0s 12h\nESF Belo Planalto &#8211; 12\/11\/2019 &#8211; 8h \u00e0s 12h\nESF Manoel In\u00e1cio &#8211; 19\/11\/2019 &#8211; 09h \u00e0s 12h\nESF Cajamar-Centro &#8211; 19\/11\/2019 &#8211; 9h \u00e0s 12h\nESF Maria Lu\u00edza &#8211; 22\/11\/2019 &#8211; 8h \u00e0s 12h\nESF Ponunduva &#8211; 27\/11\/2019 &#8211; 13h30 \u00e0s 16h\n\nEscolha a unidade mais pr\u00f3xima da sua casa e venha tirar suas d\u00favidas, quebrar tabus e se cuidar.\n\n<!-- galeria:6149 -->","protected":false},"excerpt":{"rendered":"<p>Confira a programa\u00e7\u00e3o das a\u00e7\u00f5es nas unidades de sa\u00fade do munic\u00edpio<\/p>\n","protected":false},"author":5,"featured_media":0,"comment_status":"open","ping_status":"open","sticky":false,"template":"","format":"standard","meta":{"footnotes":""},"categories":[2],"tags":[],"posicao":[],"class_list":["post-21662","post","type-post","status-publish","format-standard","hentry","category-saude"],"_links":{"self":[{"href":"https:\/\/cajamar.sp.gov.br\/noticias\/wp-json\/wp\/v2\/posts\/21662","targetHints":{"allow":["GET"]}}],"collection":[{"href":"https:\/\/cajamar.sp.gov.br\/noticias\/wp-json\/wp\/v2\/posts"}],"about":[{"href":"https:\/\/cajamar.sp.gov.br\/noticias\/wp-json\/wp\/v2\/types\/post"}],"author":[{"embeddable":true,"href":"https:\/\/cajamar.sp.gov.br\/noticias\/wp-json\/wp\/v2\/users\/5"}],"replies":[{"embeddable":true,"href":"https:\/\/cajamar.sp.gov.br\/noticias\/wp-json\/wp\/v2\/comments?post=21662"}],"version-history":[{"count":0,"href":"https:\/\/cajamar.sp.gov.br\/noticias\/wp-json\/wp\/v2\/posts\/21662\/revisions"}],"wp:attachment":[{"href":"https:\/\/cajamar.sp.gov.br\/noticias\/wp-json\/wp\/v2\/media?parent=21662"}],"wp:term":[{"taxonomy":"category","embeddable":true,"href":"https:\/\/cajamar.sp.gov.br\/noticias\/wp-json\/wp\/v2\/categories?post=21662"},{"taxonomy":"post_tag","embeddable":true,"href":"https:\/\/cajamar.sp.gov.br\/noticias\/wp-json\/wp\/v2\/tags?post=21662"},{"taxonomy":"posicao","embeddable":true,"href":"https:\/\/cajamar.sp.gov.br\/noticias\/wp-json\/wp\/v2\/posicao?post=21662"}],"curies":[{"name":"wp","href":"https:\/\/api.w.org\/{rel}","templated":true}]}}