{"id":21677,"date":"2019-11-13T16:40:59","date_gmt":"2019-11-13T19:40:59","guid":{"rendered":"http:\/\/wphomologa.cijun.sp.gov.br\/STIMPREN\/2019\/11\/projeto-ver-e-viver-criancas-escolhem-a-armacao-dos-oculos-que-irao-ganhar\/"},"modified":"2019-11-13T16:40:59","modified_gmt":"2019-11-13T19:40:59","slug":"projeto-ver-e-viver-criancas-escolhem-a-armacao-dos-oculos-que-irao-ganhar","status":"publish","type":"post","link":"https:\/\/cajamar.sp.gov.br\/noticias\/2019\/11\/13\/projeto-ver-e-viver-criancas-escolhem-a-armacao-dos-oculos-que-irao-ganhar\/","title":{"rendered":"Projeto Ver e Viver: Crian\u00e7as escolhem a arma\u00e7\u00e3o dos \u00f3culos que ir\u00e3o ganhar"},"content":{"rendered":"<!-- id:6164 -->\n\n<div class=\"wp-block-image\">\n<figure class=\"aligncenter\">\n<img decoding=\"async\" src=\"https:\/\/cajamar.sp.gov.br\/wp-content\/uploads\/arquivo\/img6164a.jpg\" \/>\n\n<\/figure>\n<\/div>\n\n\nNa manh\u00e3 desta ter\u00e7a-feira (12), aconteceu mais uma a\u00e7\u00e3o do projeto \u201cVer e Viver\u201d no Stand decorado Bela Vista da Mac Lucer Empreendimentos, em Jordan\u00e9sia. Esta \u00e9 a pen\u00faltima etapa do projeto, a pr\u00f3xima ser\u00e1 a finaliza\u00e7\u00e3o com a entrega dos \u00f3culos para todas as crian\u00e7as.\n\nDesde o in\u00edcio do segundo semestre, 1272 alunos de 21 escolas do munic\u00edpio passaram pela triagem de acuidade visual para identificarem a necessidade de usar \u00f3culos, para isso, foi desenvolvida uma a\u00e7\u00e3o entre a Secretaria de Sa\u00fade em parceria com a Secretaria de Educa\u00e7\u00e3o. Desses alunos, 146 foram diagnosticados com alguma altera\u00e7\u00e3o na vis\u00e3o e foram encaminhados para realizarem um exame mais detalhado em cl\u00ednicas oftalmol\u00f3gicas. \n\nAp\u00f3s todos passarem por consulta, 80 crian\u00e7as apresentaram a necessidade de usar \u00f3culos e ir\u00e3o receber do Projeto Ver e Viver, sem custo algum para as fam\u00edlias. Nesta etapa, todas as crian\u00e7as tiveram a oportunidade de escolher a arma\u00e7\u00e3o de sua prefer\u00eancia, para que este novo acess\u00f3rio seja bem recebido. Agora o \u00faltimo passo ser\u00e1 a entrega efetiva dos \u00f3culos que est\u00e1 marcada para o dia 07 de dezembro, \u00e0s 10h, na C\u00e2mara Municipal de Cajamar.\n\n\nSobre o Projeto Ver e Viver\n\nO Ver e Viver \u00e9 um projeto implantado pela Funda\u00e7\u00e3o ArcelorMittal, que tem como objetivo diagnosticar problemas de vis\u00e3o em crian\u00e7as das escolas p\u00fablicas municipais, do ensino fundamental I. O projeto capacitou coordenadores pedag\u00f3gicos e professores para a triagem de acuidade visual. Nesta fase da vida escolar problemas visuais podem interferir no processo de ensino-aprendizagem, por isso a import\u00e2ncia do diagn\u00f3stico precoce. \n\nEsta \u00e9 a segunda edi\u00e7\u00e3o do projeto na cidade de Cajamar. No primeiro semestre, cerca de 5.412 alunos do munic\u00edpio participaram desta mesma triagem e 197 crian\u00e7as j\u00e1 receberam este benef\u00edcio. Em Cajamar, o projeto conta com o apoio da Funda\u00e7\u00e3o ArcelorMittal, \u00d3tica Di Fiori, Cl\u00ednica Ver Mais e a parceria entre as empresas Mac Lucer Empreendimentos, Armatrel, LMD constru\u00e7\u00f5es, Fata &#8211; Bolsas e Acess\u00f3rios, Mak \u2013 Pain\u00e9is El\u00e9tricos e Projeto Ambiental.\n\n<!-- galeria:6164 -->\n\n<ul class=\"wp-block-gallery columns-2 is-cropped wp-block-gallery-1 is-layout-flex wp-block-gallery-is-layout-flex\">\n\n<li class=\"blocks-gallery-item\">\n\n<figure>\n\n<img decoding=\"async\" src=\"https:\/\/cajamar.sp.gov.br\/wp-content\/uploads\/arquivo\/img6164b.jpg\" \/>\n\n<figcaption><\/figcaption>\n\n<\/figure>\n\n<\/li>\n\n\n\n<li class=\"blocks-gallery-item\">\n\n<figure>\n\n<img decoding=\"async\" src=\"https:\/\/cajamar.sp.gov.br\/wp-content\/uploads\/arquivo\/img6164c.jpg\" \/>\n\n<figcaption><\/figcaption>\n\n<\/figure>\n\n<\/li>\n\n\n\n<\/ul>\n\n\n","protected":false},"excerpt":{"rendered":"<p>A cerim\u00f4nia da entrega dos \u00f3culos acontecer\u00e1 no dia 07 de dezembro<\/p>\n","protected":false},"author":5,"featured_media":0,"comment_status":"open","ping_status":"open","sticky":false,"template":"","format":"standard","meta":{"footnotes":""},"categories":[8],"tags":[],"posicao":[],"class_list":["post-21677","post","type-post","status-publish","format-standard","hentry","category-educacao"],"_links":{"self":[{"href":"https:\/\/cajamar.sp.gov.br\/noticias\/wp-json\/wp\/v2\/posts\/21677","targetHints":{"allow":["GET"]}}],"collection":[{"href":"https:\/\/cajamar.sp.gov.br\/noticias\/wp-json\/wp\/v2\/posts"}],"about":[{"href":"https:\/\/cajamar.sp.gov.br\/noticias\/wp-json\/wp\/v2\/types\/post"}],"author":[{"embeddable":true,"href":"https:\/\/cajamar.sp.gov.br\/noticias\/wp-json\/wp\/v2\/users\/5"}],"replies":[{"embeddable":true,"href":"https:\/\/cajamar.sp.gov.br\/noticias\/wp-json\/wp\/v2\/comments?post=21677"}],"version-history":[{"count":0,"href":"https:\/\/cajamar.sp.gov.br\/noticias\/wp-json\/wp\/v2\/posts\/21677\/revisions"}],"wp:attachment":[{"href":"https:\/\/cajamar.sp.gov.br\/noticias\/wp-json\/wp\/v2\/media?parent=21677"}],"wp:term":[{"taxonomy":"category","embeddable":true,"href":"https:\/\/cajamar.sp.gov.br\/noticias\/wp-json\/wp\/v2\/categories?post=21677"},{"taxonomy":"post_tag","embeddable":true,"href":"https:\/\/cajamar.sp.gov.br\/noticias\/wp-json\/wp\/v2\/tags?post=21677"},{"taxonomy":"posicao","embeddable":true,"href":"https:\/\/cajamar.sp.gov.br\/noticias\/wp-json\/wp\/v2\/posicao?post=21677"}],"curies":[{"name":"wp","href":"https:\/\/api.w.org\/{rel}","templated":true}]}}