{"id":21691,"date":"2019-11-19T16:56:30","date_gmt":"2019-11-19T19:56:30","guid":{"rendered":"http:\/\/wphomologa.cijun.sp.gov.br\/STIMPREN\/2019\/11\/cras-da-pec-realiza-reuniao-socieducativa-sobre-campanha-novembro-azul\/"},"modified":"2019-11-19T16:56:30","modified_gmt":"2019-11-19T19:56:30","slug":"cras-da-pec-realiza-reuniao-socieducativa-sobre-campanha-novembro-azul","status":"publish","type":"post","link":"https:\/\/cajamar.sp.gov.br\/noticias\/2019\/11\/19\/cras-da-pec-realiza-reuniao-socieducativa-sobre-campanha-novembro-azul\/","title":{"rendered":"CRAS da PEC realiza reuni\u00e3o socieducativa sobre campanha \u201cNovembro Azul\u201d"},"content":{"rendered":"<!-- id:6178 -->\n\n<div class=\"wp-block-image\">\n<figure class=\"aligncenter\">\n<img decoding=\"async\" src=\"https:\/\/cajamar.sp.gov.br\/wp-content\/uploads\/arquivo\/img6178a.jpg\" \/>\n\n<\/figure>\n<\/div>\n\n\nEm apoio \u00e0 campanha \u201cNovembro Azul\u201d, atividade voltada para a conscientiza\u00e7\u00e3o da import\u00e2ncia do diagn\u00f3stico precoce do c\u00e2ncer de pr\u00f3stata, visando incentivar os homens a cuidarem da pr\u00f3pria sa\u00fade, o Centro de Refer\u00eancia de Assist\u00eancia Social &#8211; CRAS da PEC no Distrito do Polvilho realizou no \u00faltimo dia 11, reuni\u00e3o socioeducativa abordando o referido tema.\n\nA reuni\u00e3o foi realizada com as fam\u00edlias do Programa Renda Cidad\u00e3, no anfiteatro da Pra\u00e7a de Esportes e Cultura &#8211; PEC. O tema permeou a realiza\u00e7\u00e3o de exames de rotina e consultas m\u00e9dicas peri\u00f3dicas, visto que segundo o Instituto Nacional do C\u00e2ncer &#8211; INCA, o c\u00e2ncer de pr\u00f3stata \u00e9 o segundo mais comum entre os homens (atr\u00e1s apenas do c\u00e2ncer de pele n\u00e3o-melanoma).\n\nAtrav\u00e9s da palestra, ministrada por profissional da Unidade de Sa\u00fade da Fam\u00edlia \u2013 USF do territ\u00f3rio, os participantes tiveram oportunidade de esclarecer suas d\u00favidas e receberam orienta\u00e7\u00e3o quanto \u00e0 import\u00e2ncia da preven\u00e7\u00e3o do c\u00e2ncer de pr\u00f3stata. Al\u00e9m disso, as informa\u00e7\u00f5es buscaram desmistificaram o tabu com rela\u00e7\u00e3o ao exame de toque, necess\u00e1rio para realiza\u00e7\u00e3o do diagn\u00f3stico precoce, imprescind\u00edvel para a cura da doen\u00e7a.\n\n<!-- galeria:6178 -->\n\n<ul class=\"wp-block-gallery columns-2 is-cropped wp-block-gallery-1 is-layout-flex wp-block-gallery-is-layout-flex\">\n\n<li class=\"blocks-gallery-item\">\n\n<figure>\n\n<img decoding=\"async\" src=\"https:\/\/cajamar.sp.gov.br\/wp-content\/uploads\/arquivo\/img6178b.jpg\" \/>\n\n<figcaption><\/figcaption>\n\n<\/figure>\n\n<\/li>\n\n\n\n<\/ul>\n\n\n","protected":false},"excerpt":{"rendered":"<p>Reuni\u00e3o foi realizada em parceria com a equipe da Unidade de Sa\u00fade da Fam\u00edlia \u2013 USF do Parque Maria Aparecida<\/p>\n","protected":false},"author":5,"featured_media":0,"comment_status":"open","ping_status":"open","sticky":false,"template":"","format":"standard","meta":{"footnotes":""},"categories":[4],"tags":[],"posicao":[],"class_list":["post-21691","post","type-post","status-publish","format-standard","hentry","category-social"],"_links":{"self":[{"href":"https:\/\/cajamar.sp.gov.br\/noticias\/wp-json\/wp\/v2\/posts\/21691","targetHints":{"allow":["GET"]}}],"collection":[{"href":"https:\/\/cajamar.sp.gov.br\/noticias\/wp-json\/wp\/v2\/posts"}],"about":[{"href":"https:\/\/cajamar.sp.gov.br\/noticias\/wp-json\/wp\/v2\/types\/post"}],"author":[{"embeddable":true,"href":"https:\/\/cajamar.sp.gov.br\/noticias\/wp-json\/wp\/v2\/users\/5"}],"replies":[{"embeddable":true,"href":"https:\/\/cajamar.sp.gov.br\/noticias\/wp-json\/wp\/v2\/comments?post=21691"}],"version-history":[{"count":0,"href":"https:\/\/cajamar.sp.gov.br\/noticias\/wp-json\/wp\/v2\/posts\/21691\/revisions"}],"wp:attachment":[{"href":"https:\/\/cajamar.sp.gov.br\/noticias\/wp-json\/wp\/v2\/media?parent=21691"}],"wp:term":[{"taxonomy":"category","embeddable":true,"href":"https:\/\/cajamar.sp.gov.br\/noticias\/wp-json\/wp\/v2\/categories?post=21691"},{"taxonomy":"post_tag","embeddable":true,"href":"https:\/\/cajamar.sp.gov.br\/noticias\/wp-json\/wp\/v2\/tags?post=21691"},{"taxonomy":"posicao","embeddable":true,"href":"https:\/\/cajamar.sp.gov.br\/noticias\/wp-json\/wp\/v2\/posicao?post=21691"}],"curies":[{"name":"wp","href":"https:\/\/api.w.org\/{rel}","templated":true}]}}