{"id":21693,"date":"2019-11-20T16:48:40","date_gmt":"2019-11-20T19:48:40","guid":{"rendered":"http:\/\/wphomologa.cijun.sp.gov.br\/STIMPREN\/2019\/11\/cajamar-centro-recebera-a-carreta-da-saude-a-partir-desta-quinta-21\/"},"modified":"2019-11-20T16:48:40","modified_gmt":"2019-11-20T19:48:40","slug":"cajamar-centro-recebera-a-carreta-da-saude-a-partir-desta-quinta-21","status":"publish","type":"post","link":"https:\/\/cajamar.sp.gov.br\/noticias\/2019\/11\/20\/cajamar-centro-recebera-a-carreta-da-saude-a-partir-desta-quinta-21\/","title":{"rendered":"Cajamar-Centro receber\u00e1 a Carreta da Sa\u00fade a partir desta quinta (21)"},"content":{"rendered":"<!-- id:6180 -->\n\n<div class=\"wp-block-image\">\n<figure class=\"aligncenter\">\n<img decoding=\"async\" src=\"https:\/\/cajamar.sp.gov.br\/wp-content\/uploads\/arquivo\/img6180a.jpg\" \/>\n\n<\/figure>\n<\/div>\n\n\nPara garantir agilidade nos servi\u00e7os da rede municipal de sa\u00fade, ter\u00e1 in\u00edcio nesta quinta-feira, dia 21, os atendimentos na Carreta da Sa\u00fade em Cajamar-Centro, uma iniciativa da Prefeitura de Cajamar que tem o objetivo de levar aos moradores dos bairros da cidade consultas de especialidades m\u00e9dicas com conforto e praticidade.\n\nOs atendimentos em Cajamar ocorrer\u00e3o a partir desta quinta-feira (21), na Pra\u00e7a Jos\u00e9 Rodrigues do Nascimento em frente \u00e0 prefeitura. O hor\u00e1rio de atendimento \u00e9 das 9h \u00e0s 16h.\n\nA expectativa da Secretaria de Sa\u00fade \u00e9 de atender pacientes dos bairros \u00c1gua Fria, Acampamento Florim, Cimiga, Campos, Lavrinha, Olaria e Vila Nova. A Carreta da Sa\u00fade j\u00e1 passou pelos distritos de Jordan\u00e9sia e Polvilho, realizando mais de 10 mil atendimentos de pacientes que aguardavam h\u00e1 anos por consultas m\u00e9dicas. \n\nPROGRAMA\u00c7\u00c3O M\u00caS DE NOVEMBRO &#8211; CAJAMAR CENTRO:\nDia 21 (quinta-feira): ortopedista, enfermagem, oftalmo e dentista; \nDia 22 (sexta-feira): psiquiatra, oftalmo, dentista e enfermagem; \nDia 23 (s\u00e1bado): cl\u00ednico geral, oftalmo, dentista e enfermagem; \nDia 25 (segunda-feira): psiquiatra, oftalmologista, dentista e enfermagem; \nDia 26 (ter\u00e7a-feira): ortopedista, dentista, oftalmo e enfermagem;\nDia 27 (quarta-feira): pneumologista, ortopedista, enfermeiro, oftalmo e dentista; \nDia 28 (quinta-feira): ortopedista, enfermeiro, oftalmo e dentista; \nDia 29 (sexta-feira): pneumologista, enfermeiro, oftalmo e dentista; \nDia 30 (s\u00e1bado): cl\u00ednico geral, enfermeiro, oftalmo e dentista.\n\nSobre a Carreta da Sa\u00fade\n\nA Carreta da Sa\u00fade faz parte do Programa Consulta em Dia, sua inaugura\u00e7\u00e3o ocorreu no dia 14 de setembro, na Pra\u00e7a da B\u00edblia, no Polvilho. O objetivo \u00e9 seguir atendendo em todos os bairros da cidade para zerar a fila de consultas e exames.\n\nServi\u00e7o\n\nPrograma Consulta em Dia: Carreta da Sa\u00fade\nA partir do Dia: 21 de novembro\nHor\u00e1rio de Atendimento: 9h \u00e0s 16h\nLocal: Pra\u00e7a Jos\u00e9 Rodrigues do Nascimento em frente a prefeitura.\n\n<!-- galeria:6180 -->","protected":false},"excerpt":{"rendered":"<p>A partir do dia 21 a unidade iniciar\u00e1 os atendimentos na Pra\u00e7a Jos\u00e9 Rodrigues do Nascimento em frente \u00e0 prefeitura.<\/p>\n","protected":false},"author":5,"featured_media":0,"comment_status":"open","ping_status":"open","sticky":false,"template":"","format":"standard","meta":{"footnotes":""},"categories":[2],"tags":[],"posicao":[],"class_list":["post-21693","post","type-post","status-publish","format-standard","hentry","category-saude"],"_links":{"self":[{"href":"https:\/\/cajamar.sp.gov.br\/noticias\/wp-json\/wp\/v2\/posts\/21693","targetHints":{"allow":["GET"]}}],"collection":[{"href":"https:\/\/cajamar.sp.gov.br\/noticias\/wp-json\/wp\/v2\/posts"}],"about":[{"href":"https:\/\/cajamar.sp.gov.br\/noticias\/wp-json\/wp\/v2\/types\/post"}],"author":[{"embeddable":true,"href":"https:\/\/cajamar.sp.gov.br\/noticias\/wp-json\/wp\/v2\/users\/5"}],"replies":[{"embeddable":true,"href":"https:\/\/cajamar.sp.gov.br\/noticias\/wp-json\/wp\/v2\/comments?post=21693"}],"version-history":[{"count":0,"href":"https:\/\/cajamar.sp.gov.br\/noticias\/wp-json\/wp\/v2\/posts\/21693\/revisions"}],"wp:attachment":[{"href":"https:\/\/cajamar.sp.gov.br\/noticias\/wp-json\/wp\/v2\/media?parent=21693"}],"wp:term":[{"taxonomy":"category","embeddable":true,"href":"https:\/\/cajamar.sp.gov.br\/noticias\/wp-json\/wp\/v2\/categories?post=21693"},{"taxonomy":"post_tag","embeddable":true,"href":"https:\/\/cajamar.sp.gov.br\/noticias\/wp-json\/wp\/v2\/tags?post=21693"},{"taxonomy":"posicao","embeddable":true,"href":"https:\/\/cajamar.sp.gov.br\/noticias\/wp-json\/wp\/v2\/posicao?post=21693"}],"curies":[{"name":"wp","href":"https:\/\/api.w.org\/{rel}","templated":true}]}}