{"id":21695,"date":"2019-11-21T15:01:42","date_gmt":"2019-11-21T18:01:42","guid":{"rendered":"http:\/\/wphomologa.cijun.sp.gov.br\/STIMPREN\/2019\/11\/saude-realiza-palestra-sobre-novembro-azul\/"},"modified":"2019-11-21T15:01:42","modified_gmt":"2019-11-21T18:01:42","slug":"saude-realiza-palestra-sobre-novembro-azul","status":"publish","type":"post","link":"https:\/\/cajamar.sp.gov.br\/noticias\/2019\/11\/21\/saude-realiza-palestra-sobre-novembro-azul\/","title":{"rendered":"Sa\u00fade realiza palestra sobre Novembro Azul"},"content":{"rendered":"<!-- id:6182 -->\n\n<div class=\"wp-block-image\">\n<figure class=\"aligncenter\">\n<img decoding=\"async\" src=\"https:\/\/cajamar.sp.gov.br\/wp-content\/uploads\/arquivo\/img6182a.jpg\" \/>\n\n<\/figure>\n<\/div>\n\n\nA Prefeitura de Cajamar, por meio da Secretaria da Sa\u00fade, realizou na manh\u00e3 desta ter\u00e7a-feira (19) uma palestra sobre a preven\u00e7\u00e3o de c\u00e2ncer de pr\u00f3stata para os participantes do grupo de caminhada da UBS de Jordan\u00e9sia. A a\u00e7\u00e3o faz parte da Campanha Novembro Azul.\n\nA Psic\u00f3loga Cristina Cavalcante esclareceu sobre os sinais e sintomas do c\u00e2ncer de pr\u00f3stata, e ressaltou sobre a import\u00e2ncia da detec\u00e7\u00e3o precoce e os exames dispon\u00edveis para o diagn\u00f3stico. A nutricionista Fabiana Belchior tamb\u00e9m participou do encontro e falou sobre os fatores que aumentam o risco para esse tipo de c\u00e2ncer, bem como, os h\u00e1bitos alimentares que podem ajudar na preven\u00e7\u00e3o. \n\nO grupo de caminhada realiza atividades todas as ter\u00e7as \u00e0s 7h na UBS de Jordan\u00e9sia. O encontro \u00e9 destinado para toda popula\u00e7\u00e3o adulta e idosa que tiver interesse em participar. Al\u00e9m do amparo da psic\u00f3loga e da nutricionista, o grupo tamb\u00e9m conta com a colabora\u00e7\u00e3o de equipe de enfermagem e educador f\u00edsico. O objetivo do programa \u00e9 prevenir e controlar diabetes e hipertens\u00e3o, assim como informar aos participantes sobre temas diversos relacionados \u00e0 sa\u00fade e qualidade de vida.\n\n<!-- galeria:6182 -->\n\n<ul class=\"wp-block-gallery columns-2 is-cropped wp-block-gallery-1 is-layout-flex wp-block-gallery-is-layout-flex\">\n\n<li class=\"blocks-gallery-item\">\n\n<figure>\n\n<img decoding=\"async\" src=\"https:\/\/cajamar.sp.gov.br\/wp-content\/uploads\/arquivo\/img6182b.jpg\" \/>\n\n<figcaption><\/figcaption>\n\n<\/figure>\n\n<\/li>\n\n\n\n<\/ul>\n\n\n","protected":false},"excerpt":{"rendered":"<p>A a\u00e7\u00e3o faz parte da campanha mundial que alerta sobre a preven\u00e7\u00e3o de c\u00e2ncer de pr\u00f3stata<\/p>\n","protected":false},"author":5,"featured_media":0,"comment_status":"open","ping_status":"open","sticky":false,"template":"","format":"standard","meta":{"footnotes":""},"categories":[2],"tags":[],"posicao":[],"class_list":["post-21695","post","type-post","status-publish","format-standard","hentry","category-saude"],"_links":{"self":[{"href":"https:\/\/cajamar.sp.gov.br\/noticias\/wp-json\/wp\/v2\/posts\/21695","targetHints":{"allow":["GET"]}}],"collection":[{"href":"https:\/\/cajamar.sp.gov.br\/noticias\/wp-json\/wp\/v2\/posts"}],"about":[{"href":"https:\/\/cajamar.sp.gov.br\/noticias\/wp-json\/wp\/v2\/types\/post"}],"author":[{"embeddable":true,"href":"https:\/\/cajamar.sp.gov.br\/noticias\/wp-json\/wp\/v2\/users\/5"}],"replies":[{"embeddable":true,"href":"https:\/\/cajamar.sp.gov.br\/noticias\/wp-json\/wp\/v2\/comments?post=21695"}],"version-history":[{"count":0,"href":"https:\/\/cajamar.sp.gov.br\/noticias\/wp-json\/wp\/v2\/posts\/21695\/revisions"}],"wp:attachment":[{"href":"https:\/\/cajamar.sp.gov.br\/noticias\/wp-json\/wp\/v2\/media?parent=21695"}],"wp:term":[{"taxonomy":"category","embeddable":true,"href":"https:\/\/cajamar.sp.gov.br\/noticias\/wp-json\/wp\/v2\/categories?post=21695"},{"taxonomy":"post_tag","embeddable":true,"href":"https:\/\/cajamar.sp.gov.br\/noticias\/wp-json\/wp\/v2\/tags?post=21695"},{"taxonomy":"posicao","embeddable":true,"href":"https:\/\/cajamar.sp.gov.br\/noticias\/wp-json\/wp\/v2\/posicao?post=21695"}],"curies":[{"name":"wp","href":"https:\/\/api.w.org\/{rel}","templated":true}]}}