{"id":21714,"date":"2019-11-27T17:00:01","date_gmt":"2019-11-27T20:00:01","guid":{"rendered":"http:\/\/wphomologa.cijun.sp.gov.br\/STIMPREN\/2019\/11\/segunda-unidade-do-colegio-do-futuro-sera-inaugurada-nesta-sexta-29\/"},"modified":"2019-11-27T17:00:01","modified_gmt":"2019-11-27T20:00:01","slug":"segunda-unidade-do-colegio-do-futuro-sera-inaugurada-nesta-sexta-29","status":"publish","type":"post","link":"https:\/\/cajamar.sp.gov.br\/noticias\/2019\/11\/27\/segunda-unidade-do-colegio-do-futuro-sera-inaugurada-nesta-sexta-29\/","title":{"rendered":"Segunda unidade do Col\u00e9gio do Futuro ser\u00e1 inaugurada nesta sexta (29)"},"content":{"rendered":"<!-- id:6201 -->\n\n<div class=\"wp-block-image\">\n<figure class=\"aligncenter\">\n<img decoding=\"async\" src=\"https:\/\/cajamar.sp.gov.br\/wp-content\/uploads\/arquivo\/img6201a.jpg\" \/>\n\n<\/figure>\n<\/div>\n\n\nNa pr\u00f3xima sexta-feira (29), \u00e0s 10h, a Prefeitura de Cajamar, atrav\u00e9s da Secretaria da Educa\u00e7\u00e3o, em parceria com o Instituto Soleil, realizar\u00e1 a inaugura\u00e7\u00e3o de mais uma unidade do Col\u00e9gio do Futuro, a EMEB Professor Eliseu Gomes, que est\u00e1 localizada na Rua Narciso, 342, no bairro Portal dos Ip\u00eas III, distrito do Polvilho.\n\nA escola conta com uma instala\u00e7\u00e3o privilegiada, estruturada num pr\u00e9dio funcional, distribu\u00eddo numa \u00e1rea \u00fatil de 813 m\u00b2, que possui quatro blocos distintos, sendo: bloco administrativo, bloco de servi\u00e7os, bloco multiuso e bloco pedag\u00f3gico. As instala\u00e7\u00f5es contemplam a recep\u00e7\u00e3o, secretaria, diretoria, sala de professores, almoxarifado, sanit\u00e1rios, rouparia, lavanderia, dep\u00f3sito de material de limpeza, vesti\u00e1rios, cozinha, lact\u00e1rio, central GLP, salas de aula, sol\u00e1rio, sala multiuso, sanit\u00e1rios para adultos com necessidades especiais, sala de apoio \u00e0 inform\u00e1tica, sala de telefonia, p\u00e1tio coberto, playground e um grande espa\u00e7o externo.\n\nA nova unidade atender\u00e1 200 alunos na faixa et\u00e1ria de 6 meses a 3 anos de idade que ser\u00e3o acolhidos por mais de 50 funcion\u00e1rios altamente capacitados e, assim como a EMEB Ant\u00f4nio Mendon\u00e7a, inaugurada na \u00faltima sexta-feira (22), ter\u00e1 como marco educacional para Cajamar o atendimento de crian\u00e7as menores de um ano, fato in\u00e9dito na educa\u00e7\u00e3o do munic\u00edpio. \u00c9 com essa nova perspectiva educacional que o Col\u00e9gio do Futuro Professor Eliseu Gomes iniciar\u00e1 as matr\u00edculas incluindo ber\u00e7\u00e1rios, uma necessidade da popula\u00e7\u00e3o cajamarense evidenciada por meio de estudos realizados pela Secretaria Municipal de Educa\u00e7\u00e3o.\n\nDe acordo com o Secret\u00e1rio de Educa\u00e7\u00e3o, Prof. Dr. R\u00e9gis Souza, o grande diferencial de mais um Col\u00e9gio do Futuro a ser inaugurado pela atual administra\u00e7\u00e3o fica por conta das aulas de bal\u00e9 e jud\u00f4, ateli\u00ea Reggio Emilia, espa\u00e7o montessoriano, minhoc\u00e1rio, ranicultura, terr\u00e1rio, rob\u00f3tica educacional, ateli\u00ea Mondrian e a tenda M\u00e3ozinha na Massa. O secret\u00e1rio destaca ainda as aulas de ingl\u00eas e os ambientes educacionais, organizados pela metodologia pautada na Vis\u00e3o Din\u00e2mica de Educa\u00e7\u00e3o.\n\nA atual administra\u00e7\u00e3o vem investindo significativamente em educa\u00e7\u00e3o, pois conforme destacou o prefeito Danilo Joan &#8220;Educa\u00e7\u00e3o \u00e9 prioridade em seu governo&#8221;, deixando claro que n\u00e3o medir\u00e1 esfor\u00e7os para colocar a educa\u00e7\u00e3o de Cajamar entre as melhores do Estado. &#8220;Temos condi\u00e7\u00f5es e vamos elevar o patamar educacional do munic\u00edpio \u00e0 n\u00edvel de excel\u00eancia, equivalente ou at\u00e9 mesmo superior a muitas escolas particulares&#8221;, completa o prefeito.\n\nNesta proposta, a Prefeitura de Cajamar e o Instituto Soleil selaram parceria para o gerenciamento da escola. O Instituto \u00e9 refer\u00eancia em educa\u00e7\u00e3o e vem desenvolvendo excelentes projetos educacionais desde 1987.\n\nToda a popula\u00e7\u00e3o est\u00e1 convidada para acompanhar de perto esta inaugura\u00e7\u00e3o, que ser\u00e1 mais um momento hist\u00f3rico para a cidade. A cerim\u00f4nia ser\u00e1 realizada na pr\u00f3xima sexta-feira (29), a partir das 10h.\n\nInaugura\u00e7\u00e3o \n\nCol\u00e9gio do Futuro \u201cEMEB Professor Eliseu Gomes\u201d \nData: 29 de novembro \nHor\u00e1rio: 10h \nLocal: Rua Narciso, 342, Portais, Polvilho, Cajamar.\n\n<!-- galeria:6201 -->\n\n<ul class=\"wp-block-gallery columns-2 is-cropped wp-block-gallery-1 is-layout-flex wp-block-gallery-is-layout-flex\">\n\n<li class=\"blocks-gallery-item\">\n\n<figure>\n\n<img decoding=\"async\" src=\"https:\/\/cajamar.sp.gov.br\/wp-content\/uploads\/arquivo\/img6201b.jpg\" \/>\n\n<figcaption><\/figcaption>\n\n<\/figure>\n\n<\/li>\n\n\n\n<li class=\"blocks-gallery-item\">\n\n<figure>\n\n<img decoding=\"async\" src=\"https:\/\/cajamar.sp.gov.br\/wp-content\/uploads\/arquivo\/img6201c.jpg\" \/>\n\n<figcaption><\/figcaption>\n\n<\/figure>\n\n<\/li>\n\n\n\n<li class=\"blocks-gallery-item\">\n\n<figure>\n\n<img decoding=\"async\" src=\"https:\/\/cajamar.sp.gov.br\/wp-content\/uploads\/arquivo\/img6201d.jpg\" \/>\n\n<figcaption><\/figcaption>\n\n<\/figure>\n\n<\/li>\n\n\n\n<\/ul>\n\n\n","protected":false},"excerpt":{"rendered":"<p>A nova escola atender\u00e1 mais 200 alunos, totalizando 400 novas vagas em uma semana no munic\u00edpio<\/p>\n","protected":false},"author":5,"featured_media":0,"comment_status":"open","ping_status":"open","sticky":false,"template":"","format":"standard","meta":{"footnotes":""},"categories":[8],"tags":[],"posicao":[],"class_list":["post-21714","post","type-post","status-publish","format-standard","hentry","category-educacao"],"_links":{"self":[{"href":"https:\/\/cajamar.sp.gov.br\/noticias\/wp-json\/wp\/v2\/posts\/21714","targetHints":{"allow":["GET"]}}],"collection":[{"href":"https:\/\/cajamar.sp.gov.br\/noticias\/wp-json\/wp\/v2\/posts"}],"about":[{"href":"https:\/\/cajamar.sp.gov.br\/noticias\/wp-json\/wp\/v2\/types\/post"}],"author":[{"embeddable":true,"href":"https:\/\/cajamar.sp.gov.br\/noticias\/wp-json\/wp\/v2\/users\/5"}],"replies":[{"embeddable":true,"href":"https:\/\/cajamar.sp.gov.br\/noticias\/wp-json\/wp\/v2\/comments?post=21714"}],"version-history":[{"count":0,"href":"https:\/\/cajamar.sp.gov.br\/noticias\/wp-json\/wp\/v2\/posts\/21714\/revisions"}],"wp:attachment":[{"href":"https:\/\/cajamar.sp.gov.br\/noticias\/wp-json\/wp\/v2\/media?parent=21714"}],"wp:term":[{"taxonomy":"category","embeddable":true,"href":"https:\/\/cajamar.sp.gov.br\/noticias\/wp-json\/wp\/v2\/categories?post=21714"},{"taxonomy":"post_tag","embeddable":true,"href":"https:\/\/cajamar.sp.gov.br\/noticias\/wp-json\/wp\/v2\/tags?post=21714"},{"taxonomy":"posicao","embeddable":true,"href":"https:\/\/cajamar.sp.gov.br\/noticias\/wp-json\/wp\/v2\/posicao?post=21714"}],"curies":[{"name":"wp","href":"https:\/\/api.w.org\/{rel}","templated":true}]}}