{"id":21715,"date":"2019-11-28T12:06:53","date_gmt":"2019-11-28T15:06:53","guid":{"rendered":"http:\/\/wphomologa.cijun.sp.gov.br\/STIMPREN\/2019\/11\/dia-d-de-vacinacao-contra-sarampo-sera-neste-sabado-30-em-cajamar\/"},"modified":"2019-11-28T12:06:53","modified_gmt":"2019-11-28T15:06:53","slug":"dia-d-de-vacinacao-contra-sarampo-sera-neste-sabado-30-em-cajamar","status":"publish","type":"post","link":"https:\/\/cajamar.sp.gov.br\/noticias\/2019\/11\/28\/dia-d-de-vacinacao-contra-sarampo-sera-neste-sabado-30-em-cajamar\/","title":{"rendered":"Dia D de Vacina\u00e7\u00e3o contra Sarampo ser\u00e1 neste s\u00e1bado (30) em Cajamar"},"content":{"rendered":"<!-- id:6202 -->\n\n<div class=\"wp-block-image\">\n<figure class=\"aligncenter\">\n<img decoding=\"async\" src=\"https:\/\/cajamar.sp.gov.br\/wp-content\/uploads\/arquivo\/img6202a.jpg\" \/>\n\n<\/figure>\n<\/div>\n\n\nNo pr\u00f3ximo s\u00e1bado (30), a Prefeitura de Cajamar, por meio da Secretaria da Sa\u00fade, far\u00e1 o dia D da Campanha Nacional de Vacina\u00e7\u00e3o contra Sarampo. As equipes de sa\u00fade estar\u00e3o realizando o atendimento nas UBSs e PSFs, das 8h \u00e0s 17h e, desta vez, haver\u00e1 uma unidade volante para atender os moradores do bairro Lago Azul, que ficar\u00e1 das 08h \u00e0s 16h no Centro Comunit\u00e1rio do bairro. Essa \u00e9 a segunda etapa da campanha que tem como p\u00fablico alvo adultos de 20 a 29 anos. \n\nMesmo os adultos que j\u00e1 receberam a vacina na inf\u00e2ncia devem ir aos postos. A exce\u00e7\u00e3o fica para quem j\u00e1 se imunizou em decorr\u00eancia do surto que acomete o pa\u00eds, pois as taxas de vacina\u00e7\u00e3o s\u00e3o especialmente baixas para pessoas dessa faixa et\u00e1ria, j\u00e1 que o esquema de aplica\u00e7\u00e3o era diferente (e menos eficaz) quando eles nasceram.\n\nA vacina \u00e9 a forma mais eficaz de combater a doen\u00e7a. A Secretaria de Sa\u00fade refor\u00e7a que \u00e9 necess\u00e1rio manter todas as vacinas em dia para combater os riscos de doen\u00e7as graves. Para se imunizar \u00e9 necess\u00e1rio ir at\u00e9 uma UBS mais pr\u00f3xima da resid\u00eancia e apresentar a caderneta de vacina\u00e7\u00e3o e um documento de identidade.\n\nSarampo \u00e9 uma doen\u00e7a viral aguda altamente transmiss\u00edvel que pode dar complica\u00e7\u00f5es como otite m\u00e9dia aguda, pneumonia bacteriana, laringite e laringotraque\u00edte, doen\u00e7as card\u00edacas e at\u00e9 matar. \u00c9 transmitida por fala, tosse ou espirro e por via a\u00e9rea. Os principais sintomas s\u00e3o febre alta, mal-estar, coriza, conjuntivite, tosse e falta de apetite. Depois aparecem manchas vermelhas na pele, que s\u00e3o a maior caracter\u00edstica da doen\u00e7a.\n\nUnidades de Sa\u00fade para vacinar no dia D:\n\n&#8211; UBS Parque S\u00e3o Roberto\nEndere\u00e7o: &#8211; Av. Dr. Jos\u00e9 Lu\u00edz Leme Maciel, 179 &#8211; Parque S\u00e3o Roberto\/ Jordan\u00e9sia\n\n&#8211; UBS Polvilho\nEndere\u00e7o: Rua Timburi 121 &#8211; Polvilho\n\n&#8211; PSF Maria Luiza\nEndere\u00e7o: Av. Aruj\u00e1, 208 &#8211; Colina Maria Luiza \n\n&#8211; PSF Pq Maria Aparecida\nEndere\u00e7o: R. Jos\u00e9 Isidro de Oliveira, 259 &#8211; Parque Maria Aparecida\/ Polvilho\n\n&#8211; PSF Cajamar-Centro\nEndere\u00e7o: Av. Prof. Walter Ribas de Andrade, 544 &#8211; Cajamar-Centro\n\n&#8211; PSF Ponunduva\nEndere\u00e7o: Rua Itapevi 203 &#8211; Ponunduva\n\n&#8211; PSF KM 43\nEndere\u00e7o: Av. das Nascentes 518 &#8211; Bairro do S\u00e3o Benedito\n\nHor\u00e1rio de atendimento nas UBSs e PSFs: das 8h \u00e0s 17h.\n\n&#8211; Unidade Volante Lago Azul\nCentro Comunit\u00e1rio &#8211; das 8h \u00e0s 16h\n\n<!-- galeria:6202 -->","protected":false},"excerpt":{"rendered":"<p>Essa \u00e9 a segunda etapa da campanha que tem como p\u00fablico alvo adultos de 20 a 29 anos<\/p>\n","protected":false},"author":5,"featured_media":0,"comment_status":"open","ping_status":"open","sticky":false,"template":"","format":"standard","meta":{"footnotes":""},"categories":[2],"tags":[],"posicao":[],"class_list":["post-21715","post","type-post","status-publish","format-standard","hentry","category-saude"],"_links":{"self":[{"href":"https:\/\/cajamar.sp.gov.br\/noticias\/wp-json\/wp\/v2\/posts\/21715","targetHints":{"allow":["GET"]}}],"collection":[{"href":"https:\/\/cajamar.sp.gov.br\/noticias\/wp-json\/wp\/v2\/posts"}],"about":[{"href":"https:\/\/cajamar.sp.gov.br\/noticias\/wp-json\/wp\/v2\/types\/post"}],"author":[{"embeddable":true,"href":"https:\/\/cajamar.sp.gov.br\/noticias\/wp-json\/wp\/v2\/users\/5"}],"replies":[{"embeddable":true,"href":"https:\/\/cajamar.sp.gov.br\/noticias\/wp-json\/wp\/v2\/comments?post=21715"}],"version-history":[{"count":0,"href":"https:\/\/cajamar.sp.gov.br\/noticias\/wp-json\/wp\/v2\/posts\/21715\/revisions"}],"wp:attachment":[{"href":"https:\/\/cajamar.sp.gov.br\/noticias\/wp-json\/wp\/v2\/media?parent=21715"}],"wp:term":[{"taxonomy":"category","embeddable":true,"href":"https:\/\/cajamar.sp.gov.br\/noticias\/wp-json\/wp\/v2\/categories?post=21715"},{"taxonomy":"post_tag","embeddable":true,"href":"https:\/\/cajamar.sp.gov.br\/noticias\/wp-json\/wp\/v2\/tags?post=21715"},{"taxonomy":"posicao","embeddable":true,"href":"https:\/\/cajamar.sp.gov.br\/noticias\/wp-json\/wp\/v2\/posicao?post=21715"}],"curies":[{"name":"wp","href":"https:\/\/api.w.org\/{rel}","templated":true}]}}