{"id":21741,"date":"2019-12-09T16:51:02","date_gmt":"2019-12-09T19:51:02","guid":{"rendered":"http:\/\/wphomologa.cijun.sp.gov.br\/STIMPREN\/2019\/12\/fazenda-lanca-prazo-extra-para-o-refis-2019-durante-o-mes-de-dezembro\/"},"modified":"2019-12-09T16:51:02","modified_gmt":"2019-12-09T19:51:02","slug":"fazenda-lanca-prazo-extra-para-o-refis-2019-durante-o-mes-de-dezembro","status":"publish","type":"post","link":"https:\/\/cajamar.sp.gov.br\/noticias\/2019\/12\/09\/fazenda-lanca-prazo-extra-para-o-refis-2019-durante-o-mes-de-dezembro\/","title":{"rendered":"Fazenda lan\u00e7a prazo extra para o REFIS 2019 durante o m\u00eas de dezembro"},"content":{"rendered":"<!-- id:6229 -->\n\n<div class=\"wp-block-image\">\n<figure class=\"aligncenter\">\n<img decoding=\"async\" src=\"https:\/\/cajamar.sp.gov.br\/wp-content\/uploads\/arquivo\/img6229a.jpg\" \/>\n\n<\/figure>\n<\/div>\n\n\nA Prefeitura de Cajamar, por meio da Secretaria da Fazenda, informa que ir\u00e1 conceder um novo per\u00edodo para quem necessita regularizar o pagamento de tributos municipais em atraso (IPTU, ISS e taxas) por meio do programa REFIS (Programa de Recupera\u00e7\u00e3o Fiscal), que concede anistia de at\u00e9 100% de juros e multas ou o parcelamento em at\u00e9 36 meses.\n\nO novo prazo foi concedido atrav\u00e9s da Lei 1791\/2019 que permite que o contribuinte solicite o parcelamento de d\u00e9bitos exclusivamente durante este m\u00eas de dezembro (at\u00e9 dia 30\/12).\n\nConfira as condi\u00e7\u00f5es:\n\n\u2022 \u00c0 vista, 100% (cem por cento) de anistia de juros e multa de mora;\n\u2022 Em at\u00e9 04 (quatro) parcelas, 90% (noventa por cento) de anistia de juros e multa de mora;\n\u2022 De 05 (cinco) a 08 (oito) parcelas, 70% (setenta por cento) de anistia de juros e multa de mora;\n\u2022 De 09 (nove) a 12 (doze) parcelas, 50% (cinquenta por cento) de anistia de juros e multa de mora.\n\u2022 Em at\u00e9 36 (trinta e seis) parcelas sem anistia.\nPara ter direito ao benef\u00edcio o contribuinte dever\u00e1 estar com o IPTU deste ano em dia.\n\nOs interessados dever\u00e3o comparecer de segunda \u00e0 sexta-feira, das 8h \u00e0s 17h, na Secretaria Municipal da Fazenda na Ger\u00eancia de D\u00edvida Ativa, que fica na Pra\u00e7a Jos\u00e9 Rodrigues do Nascimento, 30, em Cajamar-Centro.\n\nD\u00favidas ou mais informa\u00e7\u00f5es: (11) 4446-7699.\n\n<!-- galeria:6229 -->","protected":false},"excerpt":{"rendered":"<p>Este \u00e9 o \u00faltimo prazo para regularizar o pagamento de tributos municipais que concede anistia de at\u00e9 100% de juros e multas<\/p>\n","protected":false},"author":5,"featured_media":0,"comment_status":"open","ping_status":"open","sticky":false,"template":"","format":"standard","meta":{"footnotes":""},"categories":[7],"tags":[],"posicao":[],"class_list":["post-21741","post","type-post","status-publish","format-standard","hentry","category-fazenda"],"_links":{"self":[{"href":"https:\/\/cajamar.sp.gov.br\/noticias\/wp-json\/wp\/v2\/posts\/21741","targetHints":{"allow":["GET"]}}],"collection":[{"href":"https:\/\/cajamar.sp.gov.br\/noticias\/wp-json\/wp\/v2\/posts"}],"about":[{"href":"https:\/\/cajamar.sp.gov.br\/noticias\/wp-json\/wp\/v2\/types\/post"}],"author":[{"embeddable":true,"href":"https:\/\/cajamar.sp.gov.br\/noticias\/wp-json\/wp\/v2\/users\/5"}],"replies":[{"embeddable":true,"href":"https:\/\/cajamar.sp.gov.br\/noticias\/wp-json\/wp\/v2\/comments?post=21741"}],"version-history":[{"count":0,"href":"https:\/\/cajamar.sp.gov.br\/noticias\/wp-json\/wp\/v2\/posts\/21741\/revisions"}],"wp:attachment":[{"href":"https:\/\/cajamar.sp.gov.br\/noticias\/wp-json\/wp\/v2\/media?parent=21741"}],"wp:term":[{"taxonomy":"category","embeddable":true,"href":"https:\/\/cajamar.sp.gov.br\/noticias\/wp-json\/wp\/v2\/categories?post=21741"},{"taxonomy":"post_tag","embeddable":true,"href":"https:\/\/cajamar.sp.gov.br\/noticias\/wp-json\/wp\/v2\/tags?post=21741"},{"taxonomy":"posicao","embeddable":true,"href":"https:\/\/cajamar.sp.gov.br\/noticias\/wp-json\/wp\/v2\/posicao?post=21741"}],"curies":[{"name":"wp","href":"https:\/\/api.w.org\/{rel}","templated":true}]}}